{"id":1569,"date":"2022-05-17T15:15:48","date_gmt":"2022-05-17T13:15:48","guid":{"rendered":"https:\/\/bratislava2030.sk\/?p=1569"},"modified":"2022-05-17T15:18:14","modified_gmt":"2022-05-17T13:18:14","slug":"sfinalizovali-sme-program-hospodarskeho-a-socialneho-rozvoja-bratislavy-verejnosti-ho-predstavime-na-buduci-tyzden","status":"publish","type":"post","link":"https:\/\/bratislava2030.sk\/en\/sfinalizovali-sme-program-hospodarskeho-a-socialneho-rozvoja-bratislavy-verejnosti-ho-predstavime-na-buduci-tyzden\/","title":{"rendered":"Sfinalizovali sme program hospod\u00e1rskeho a soci\u00e1lneho rozvoja Bratislavy. Verejnosti ho predstav\u00edme na bud\u00faci t\u00fd\u017ede\u0148.\u00a0"},"content":{"rendered":"[et_pb_section fb_built=&#8220;1&#8243; _builder_version=&#8220;4.10.2&#8243; _module_preset=&#8220;default&#8220; custom_padding=&#8220;40px||20px||false|false&#8220; global_colors_info=&#8220;{}&#8220; theme_builder_area=&#8220;post_content&#8220;][et_pb_row _builder_version=&#8220;4.10.2&#8243; _module_preset=&#8220;default&#8220; global_colors_info=&#8220;{}&#8220; theme_builder_area=&#8220;post_content&#8220;][et_pb_column type=&#8220;4_4&#8243; _builder_version=&#8220;4.10.2&#8243; _module_preset=&#8220;default&#8220; global_colors_info=&#8220;{}&#8220; theme_builder_area=&#8220;post_content&#8220;][et_pb_text content_tablet=&#8220;&#8220; content_phone=&#8220;<p style=\"%22text-align:\" left;%22><span data-contrast=\"%22auto%22\" xml:lang=\"%22SK-SK%22\" lang=\"%22SK-SK%22\" class=\"%22TextRun\" scxw150590929 bcx0%22><span class=\"%22NormalTextRun\" scxw150590929 bcx0%22>Bratislava moment\u00e1lne tvor\u00ed<span> <\/span><\/span><span class=\"%22NormalTextRun\" scxw150590929 bcx0%22>strategick\u00fd dokument, ktor\u00e9ho s\u00fa\u010das\u0165ou je v\u00edzia<\/span><span class=\"%22NormalTextRun\" scxw150590929 bcx0%22>, ako bude<\/span><span class=\"%22NormalTextRun\" scxw150590929 bcx0%22><span> <\/span><\/span><span class=\"%22NormalTextRun\" scxw150590929 bcx0%22>vyzera\u0165 v\u202froku 2030.<\/span><span class=\"%22NormalTextRun\" scxw150590929 bcx0%22><span> <\/span>Tento strategick\u00fd dokument je nazvan\u00fd Bratislava 2030 a\u202fposledn\u00fd rok a\u202fpol na \u0148om pracuj\u00fa<\/span><span class=\"%22NormalTextRun\" scxw150590929 bcx0%22><span> <\/span>odborn\u00edci z\u202fintern\u00e9ho aj extern\u00e9ho prostredia v\u202f12 pracovn\u00fdch skupin\u00e1ch v\u202foblastiach ako je mobilita, \u017eivotn\u00e9 prostredie, \u00fazemn\u00fd rozvoj<\/span><span class=\"%22NormalTextRun\" scxw150590929 bcx0%22>, ekonomick\u00fd rozvoj, a<\/span><span class=\"%22NormalTextRun\" scxw150590929 bcx0%22>\u202f<\/span><span class=\"%22NormalTextRun\" scxw150590929 bcx0%22>podobne<\/span><span class=\"%22NormalTextRun\" scxw150590929 bcx0%22>.<span> <\/span><\/span><span class=\"%22NormalTextRun\" scxw150590929 bcx0%22>K<\/span><span class=\"%22NormalTextRun\" scxw150590929 bcx0%22>a\u017ed\u00fd<span> <\/span><\/span><span class=\"%22NormalTextRun\" scxw150590929 bcx0%22>cie\u013e<\/span><span class=\"%22NormalTextRun\" scxw150590929 bcx0%22>,<\/span><span class=\"%22NormalTextRun\" scxw150590929 bcx0%22>\u202f<\/span><\/span><span data-contrast=\"%22auto%22\" xml:lang=\"%22SK-SK%22\" lang=\"%22SK-SK%22\" class=\"%22TextRun\" scxw150590929 bcx0%22><span class=\"%22NormalTextRun\" scxw150590929 bcx0%22>v\u00edzia<\/span><span class=\"%22NormalTextRun\" scxw150590929 bcx0%22><span> <\/span>aj n\u00e1vrh opatren\u00ed<\/span><span class=\"%22NormalTextRun\" scxw150590929 bcx0%22><span> <\/span><\/span><span class=\"%22NormalTextRun\" commentstart scxw150590929 bcx0%22>s<\/span><span class=\"%22NormalTextRun\" scxw150590929 bcx0%22>a<span> <\/span><\/span><span class=\"%22NormalTextRun\" scxw150590929 bcx0%22>netvor<\/span><span class=\"%22NormalTextRun\" scxw150590929 bcx0%22>ia<\/span><span class=\"%22NormalTextRun\" scxw150590929 bcx0%22><span> <\/span>za stolom<\/span><span class=\"%22NormalTextRun\" scxw150590929 bcx0%22>,<\/span><span class=\"%22NormalTextRun\" scxw150590929 bcx0%22><span> <\/span>ale prostredn\u00edctvom <\/span><\/span><span data-contrast=\"%22auto%22\" xml:lang=\"%22SK-SK%22\" lang=\"%22SK-SK%22\" class=\"%22TextRun\" scxw150590929 bcx0%22><span class=\"%22NormalTextRun\" scxw150590929 bcx0%22>dial\u00f3gu<\/span><span class=\"%22NormalTextRun\" scxw150590929 bcx0%22><span> <\/span>s\u202fodbornou<span> <\/span><\/span><span class=\"%22NormalTextRun\" scxw150590929 bcx0%22>verejnos\u0165ou<\/span><span class=\"%22NormalTextRun\" scxw150590929 bcx0%22>, mestsk\u00fdmi \u010das\u0165ami, poslancami ale aj \u0161irokou verejnos\u0165ou<\/span><span class=\"%22NormalTextRun\" scxw150590929 bcx0%22>. <\/span><\/span><span class=\"%22EOP\" scxw150590929 bcx0%22 data-ccp-props=\"%22{%22201341983%22:0,%22335559739%22:160,%22335559740%22:259}%22\"> <\/span><\/p>\n<p style=\"%22text-align:\" left;%22><span data-contrast=\"%22auto%22\">V pondelok 27.9. a\u202fvo \u0161tvrtok 30.9.2021 sme mali mo\u017enos\u0165 prostredn\u00edctvom online streamu na youtube MIB po\u010du\u0165 v\u00edziu a\u202fciele v\u202fjednotliv\u00fdch oblastiach, ktor\u00fa predstavili ved\u00faci pracovn\u00fdch skup\u00edn. N\u00e1sledne prebiehali okr\u00fahle stoly s\u202fr\u00f4znymi akt\u00e9rmi v\u202fdanej oblasti \u010di u\u017e z\u202fverejnej alebo s\u00fakromnej sf\u00e9ry.<\/span><\/p>&#8220; content_last_edited=&#8220;on|phone&#8220; _builder_version=&#8220;4.14.9&#8243; _module_preset=&#8220;default&#8220; global_colors_info=&#8220;{}&#8220; theme_builder_area=&#8220;post_content&#8220;]<p style=\"text-align: left;\"><b><span data-contrast=\"auto\">Bratislava, 12. m\u00e1ja 2022 \u2013 Vo \u0161tvrtok 19. m\u00e1ja 2022 od 16:30 sa v priestoroch <a href=\"https:\/\/mib.us10.list-manage.com\/track\/click?u=7134dfd606bec68f53857abda&amp;id=2be5a56d62&amp;e=01382eb323\">Gal\u00e9rie\u00a0Umelka<\/a> uskuto\u010dn\u00ed \u010fal\u0161ie Metropolitn\u00e9 f\u00f3rum. Na podujat\u00ed predstav\u00edme n\u00e1vrh strategick\u00e9ho pl\u00e1nu <strong>Bratislava 2030 <\/strong>\u2013<strong> Pl\u00e1n rozvoja mesta 2022-2030<\/strong>.\u00a0<\/span><\/b><\/p>\n<p>Nov\u00fd strategick\u00fd pl\u00e1n Bratislava 2030 je v\u00fdsledkom spolupr\u00e1ce desiatok odborn\u00fdch pracovn\u00ed\u010dok a pracovn\u00edkov Metropolitn\u00e9ho in\u0161tit\u00fatu Bratislavy a Magistr\u00e1tu hlavn\u00e9ho mesta Bratislava\u00a0ako aj \u010fal\u0161\u00edch z\u00e1stupk\u00fd\u0148 a z\u00e1stupcov odbornej verejnosti, akademick\u00e9ho a neziskov\u00e9ho sektora.<\/p>\n<p>Na stretnut\u00ed predstav\u00edme v\u00edziu bud\u00facnosti Bratislavy, ciele rozvoja a navrhovan\u00e9 opatrenia. Na podujat\u00ed bude priestor pre ot\u00e1zky, pripomienky a diskusiu.<\/p>\n<p>N\u00e1vrh strategick\u00e9ho materi\u00e1lu bude pred podujat\u00edm zverejnen\u00fd na webstr\u00e1nke <a href=\"https:\/\/mib.us10.list-manage.com\/track\/click?u=7134dfd606bec68f53857abda&amp;id=dbdc234d70&amp;e=01382eb323\">www.bratislava2030.sk<\/a>\u00a0spolu s elektronick\u00fdm formul\u00e1rom pre zber pripomienok.<\/p>\n<p>V pr\u00edpade z\u00e1ujmu o \u00fa\u010das\u0165 na Metropolitnom f\u00f3re, V\u00e1s\u00a0vzh\u013eadom na kapacitn\u00e9 obmedzenia pros\u00edme o potvrdenie \u00fa\u010dasti do 17. m\u00e1ja 2022.\u00a0Podujatie bude tie\u017e nahr\u00e1van\u00e9 a na\u017eivo vysielan\u00e9 online.<\/p>[\/et_pb_text][et_pb_button button_url=&#8220;https:\/\/forms.office.com\/pages\/responsepage.aspx?id=Tudp_mYey0-ZxVjkotKgY0OBEPXI2NBIgONjYBvrDHFUNFFUUTY2NVhKOVRFQllaUzZRN1ZZWlg3Sy4u&#8220; url_new_window=&#8220;on&#8220; button_text=&#8220;Potvrdi\u0165 \u00fa\u010das\u0165&#8220; button_alignment=&#8220;center&#8220; _builder_version=&#8220;4.14.9&#8243; _module_preset=&#8220;default&#8220; custom_button=&#8220;on&#8220; button_text_color=&#8220;#FFFFFF&#8220; button_bg_color=&#8220;#f2706d&#8220; button_border_width=&#8220;2px&#8220; button_border_color=&#8220;RGBA(0,0,0,0)&#8220; button_border_radius=&#8220;8px&#8220; button_font=&#8220;Inter|600|||||||&#8220; button_use_icon=&#8220;off&#8220; hover_enabled=&#8220;0&#8243; global_colors_info=&#8220;{}&#8220; theme_builder_area=&#8220;post_content&#8220; sticky_enabled=&#8220;0&#8243;][\/et_pb_button][\/et_pb_column][\/et_pb_row][et_pb_row _builder_version=&#8220;4.14.2&#8243; _module_preset=&#8220;default&#8220; global_colors_info=&#8220;{}&#8220; theme_builder_area=&#8220;post_content&#8220;][et_pb_column type=&#8220;4_4&#8243; _builder_version=&#8220;4.14.2&#8243; _module_preset=&#8220;default&#8220; global_colors_info=&#8220;{}&#8220; theme_builder_area=&#8220;post_content&#8220;][et_pb_image src=&#8220;https:\/\/bratislava2030.sk\/wp-content\/uploads\/2022\/05\/2_Newsletter.png&#8220; title_text=&#8220;2_Newsletter&#8220; _builder_version=&#8220;4.14.9&#8243; _module_preset=&#8220;default&#8220; hover_enabled=&#8220;0&#8243; global_colors_info=&#8220;{}&#8220; theme_builder_area=&#8220;post_content&#8220; sticky_enabled=&#8220;0&#8243;][\/et_pb_image][\/et_pb_column][\/et_pb_row][\/et_pb_section]","protected":false},"excerpt":{"rendered":"<p>Bratislava, 12. m\u00e1ja 2022 \u2013 Vo \u0161tvrtok 19. m\u00e1ja 2022 od 16:30 sa v priestoroch Gal\u00e9rie\u00a0Umelka uskuto\u010dn\u00ed \u010fal\u0161ie Metropolitn\u00e9 f\u00f3rum. Na podujat\u00ed predstav\u00edme n\u00e1vrh strategick\u00e9ho pl\u00e1nu Bratislava 2030 \u2013 Pl\u00e1n rozvoja mesta 2022-2030.\u00a0 Nov\u00fd strategick\u00fd pl\u00e1n Bratislava 2030 je v\u00fdsledkom spolupr\u00e1ce desiatok odborn\u00fdch pracovn\u00ed\u010dok a pracovn\u00edkov Metropolitn\u00e9ho in\u0161tit\u00fatu Bratislavy a Magistr\u00e1tu hlavn\u00e9ho mesta Bratislava\u00a0ako aj [&hellip;]<\/p>","protected":false},"author":1,"featured_media":1575,"comment_status":"closed","ping_status":"open","sticky":false,"template":"","format":"standard","meta":{"_et_pb_use_builder":"on","_et_pb_old_content":"","_et_gb_content_width":"","inline_featured_image":false},"categories":[4],"tags":[],"yoast_head":"<!-- This site is optimized with the Yoast SEO plugin v20.13 - https:\/\/yoast.com\/wordpress\/plugins\/seo\/ -->\n<title>Sfinalizovali sme program hospod\u00e1rskeho a soci\u00e1lneho rozvoja Bratislavy. Verejnosti ho predstav\u00edme na bud\u00faci t\u00fd\u017ede\u0148.\u00a0 - Bratislava 2030<\/title>\n<meta name=\"description\" content=\"Na febru\u00e1rovom zastupite\u013estve bol mestsk\u00fdm poslancom a\u202fposlankyniam predstaven\u00fd strategicko-programov\u00fd r\u00e1mec Bratislava 2030.\" \/>\n<meta name=\"robots\" content=\"index, follow, max-snippet:-1, max-image-preview:large, max-video-preview:-1\" \/>\n<link rel=\"canonical\" href=\"https:\/\/bratislava2030.sk\/en\/sfinalizovali-sme-program-hospodarskeho-a-socialneho-rozvoja-bratislavy-verejnosti-ho-predstavime-na-buduci-tyzden\/\" \/>\n<meta property=\"og:locale\" content=\"en_US\" \/>\n<meta property=\"og:type\" content=\"article\" \/>\n<meta property=\"og:title\" content=\"Sfinalizovali sme program hospod\u00e1rskeho a soci\u00e1lneho rozvoja Bratislavy. Verejnosti ho predstav\u00edme na bud\u00faci t\u00fd\u017ede\u0148.\u00a0 - Bratislava 2030\" \/>\n<meta property=\"og:description\" content=\"Na febru\u00e1rovom zastupite\u013estve bol mestsk\u00fdm poslancom a\u202fposlankyniam predstaven\u00fd strategicko-programov\u00fd r\u00e1mec Bratislava 2030.\" \/>\n<meta property=\"og:url\" content=\"https:\/\/bratislava2030.sk\/en\/sfinalizovali-sme-program-hospodarskeho-a-socialneho-rozvoja-bratislavy-verejnosti-ho-predstavime-na-buduci-tyzden\/\" \/>\n<meta property=\"og:site_name\" content=\"Bratislava 2030\" \/>\n<meta property=\"article:published_time\" content=\"2022-05-17T13:15:48+00:00\" \/>\n<meta property=\"article:modified_time\" content=\"2022-05-17T13:18:14+00:00\" \/>\n<meta property=\"og:image\" content=\"https:\/\/bratislava2030.sk\/wp-content\/uploads\/2022\/05\/metropolitneforum.png\" \/>\n\t<meta property=\"og:image:width\" content=\"1080\" \/>\n\t<meta property=\"og:image:height\" content=\"720\" \/>\n\t<meta property=\"og:image:type\" content=\"image\/png\" \/>\n<meta name=\"author\" content=\"T\u00edm Bratislava 2030\" \/>\n<meta name=\"twitter:card\" content=\"summary_large_image\" \/>\n<meta name=\"twitter:label1\" content=\"Written by\" \/>\n\t<meta name=\"twitter:data1\" content=\"T\u00edm Bratislava 2030\" \/>\n\t<meta name=\"twitter:label2\" content=\"Est. reading time\" \/>\n\t<meta name=\"twitter:data2\" content=\"2 minutes\" \/>\n<script type=\"application\/ld+json\" class=\"yoast-schema-graph\">{\"@context\":\"https:\/\/schema.org\",\"@graph\":[{\"@type\":\"WebPage\",\"@id\":\"https:\/\/bratislava2030.sk\/sfinalizovali-sme-program-hospodarskeho-a-socialneho-rozvoja-bratislavy-verejnosti-ho-predstavime-na-buduci-tyzden\/\",\"url\":\"https:\/\/bratislava2030.sk\/sfinalizovali-sme-program-hospodarskeho-a-socialneho-rozvoja-bratislavy-verejnosti-ho-predstavime-na-buduci-tyzden\/\",\"name\":\"Sfinalizovali sme program hospod\u00e1rskeho a soci\u00e1lneho rozvoja Bratislavy. Verejnosti ho predstav\u00edme na bud\u00faci t\u00fd\u017ede\u0148.\u00a0 - Bratislava 2030\",\"isPartOf\":{\"@id\":\"https:\/\/bratislava2030.sk\/#website\"},\"datePublished\":\"2022-05-17T13:15:48+00:00\",\"dateModified\":\"2022-05-17T13:18:14+00:00\",\"author\":{\"@id\":\"https:\/\/bratislava2030.sk\/#\/schema\/person\/ce52a3b8325e876459ea2dbe2d5698ee\"},\"description\":\"Na febru\u00e1rovom zastupite\u013estve bol mestsk\u00fdm poslancom a\u202fposlankyniam predstaven\u00fd strategicko-programov\u00fd r\u00e1mec Bratislava 2030.\",\"breadcrumb\":{\"@id\":\"https:\/\/bratislava2030.sk\/sfinalizovali-sme-program-hospodarskeho-a-socialneho-rozvoja-bratislavy-verejnosti-ho-predstavime-na-buduci-tyzden\/#breadcrumb\"},\"inLanguage\":\"en-US\",\"potentialAction\":[{\"@type\":\"ReadAction\",\"target\":[\"https:\/\/bratislava2030.sk\/sfinalizovali-sme-program-hospodarskeho-a-socialneho-rozvoja-bratislavy-verejnosti-ho-predstavime-na-buduci-tyzden\/\"]}]},{\"@type\":\"BreadcrumbList\",\"@id\":\"https:\/\/bratislava2030.sk\/sfinalizovali-sme-program-hospodarskeho-a-socialneho-rozvoja-bratislavy-verejnosti-ho-predstavime-na-buduci-tyzden\/#breadcrumb\",\"itemListElement\":[{\"@type\":\"ListItem\",\"position\":1,\"name\":\"Home\",\"item\":\"https:\/\/bratislava2030.sk\/\"},{\"@type\":\"ListItem\",\"position\":2,\"name\":\"Sfinalizovali sme program hospod\u00e1rskeho a soci\u00e1lneho rozvoja Bratislavy. Verejnosti ho predstav\u00edme na bud\u00faci t\u00fd\u017ede\u0148.\u00a0\"}]},{\"@type\":\"WebSite\",\"@id\":\"https:\/\/bratislava2030.sk\/#website\",\"url\":\"https:\/\/bratislava2030.sk\/\",\"name\":\"Bratislava 2030\",\"description\":\"Bratislava 2030 pos\u00fava hlavn\u00e9 mesto Slovenska do \u010fal\u0161ieho desa\u0165ro\u010dia\",\"potentialAction\":[{\"@type\":\"SearchAction\",\"target\":{\"@type\":\"EntryPoint\",\"urlTemplate\":\"https:\/\/bratislava2030.sk\/?s={search_term_string}\"},\"query-input\":\"required name=search_term_string\"}],\"inLanguage\":\"en-US\"},{\"@type\":\"Person\",\"@id\":\"https:\/\/bratislava2030.sk\/#\/schema\/person\/ce52a3b8325e876459ea2dbe2d5698ee\",\"name\":\"T\u00edm Bratislava 2030\",\"image\":{\"@type\":\"ImageObject\",\"inLanguage\":\"en-US\",\"@id\":\"https:\/\/bratislava2030.sk\/#\/schema\/person\/image\/\",\"url\":\"https:\/\/secure.gravatar.com\/avatar\/117de88d0adf789960aa8c30a5135f45?s=96&d=blank&r=g\",\"contentUrl\":\"https:\/\/secure.gravatar.com\/avatar\/117de88d0adf789960aa8c30a5135f45?s=96&d=blank&r=g\",\"caption\":\"T\u00edm Bratislava 2030\"},\"url\":\"https:\/\/bratislava2030.sk\/en\/author\/orol\/\"}]}<\/script>\n<!-- \/ Yoast SEO plugin. -->","yoast_head_json":{"title":"Sfinalizovali sme program hospod\u00e1rskeho a soci\u00e1lneho rozvoja Bratislavy. Verejnosti ho predstav\u00edme na bud\u00faci t\u00fd\u017ede\u0148.\u00a0 - Bratislava 2030","description":"Na febru\u00e1rovom zastupite\u013estve bol mestsk\u00fdm poslancom a\u202fposlankyniam predstaven\u00fd strategicko-programov\u00fd r\u00e1mec Bratislava 2030.","robots":{"index":"index","follow":"follow","max-snippet":"max-snippet:-1","max-image-preview":"max-image-preview:large","max-video-preview":"max-video-preview:-1"},"canonical":"https:\/\/bratislava2030.sk\/en\/sfinalizovali-sme-program-hospodarskeho-a-socialneho-rozvoja-bratislavy-verejnosti-ho-predstavime-na-buduci-tyzden\/","og_locale":"en_US","og_type":"article","og_title":"Sfinalizovali sme program hospod\u00e1rskeho a soci\u00e1lneho rozvoja Bratislavy. Verejnosti ho predstav\u00edme na bud\u00faci t\u00fd\u017ede\u0148.\u00a0 - Bratislava 2030","og_description":"Na febru\u00e1rovom zastupite\u013estve bol mestsk\u00fdm poslancom a\u202fposlankyniam predstaven\u00fd strategicko-programov\u00fd r\u00e1mec Bratislava 2030.","og_url":"https:\/\/bratislava2030.sk\/en\/sfinalizovali-sme-program-hospodarskeho-a-socialneho-rozvoja-bratislavy-verejnosti-ho-predstavime-na-buduci-tyzden\/","og_site_name":"Bratislava 2030","article_published_time":"2022-05-17T13:15:48+00:00","article_modified_time":"2022-05-17T13:18:14+00:00","og_image":[{"width":1080,"height":720,"url":"https:\/\/bratislava2030.sk\/wp-content\/uploads\/2022\/05\/metropolitneforum.png","type":"image\/png"}],"author":"T\u00edm Bratislava 2030","twitter_card":"summary_large_image","twitter_misc":{"Written by":"T\u00edm Bratislava 2030","Est. reading time":"2 minutes"},"schema":{"@context":"https:\/\/schema.org","@graph":[{"@type":"WebPage","@id":"https:\/\/bratislava2030.sk\/sfinalizovali-sme-program-hospodarskeho-a-socialneho-rozvoja-bratislavy-verejnosti-ho-predstavime-na-buduci-tyzden\/","url":"https:\/\/bratislava2030.sk\/sfinalizovali-sme-program-hospodarskeho-a-socialneho-rozvoja-bratislavy-verejnosti-ho-predstavime-na-buduci-tyzden\/","name":"Sfinalizovali sme program hospod\u00e1rskeho a soci\u00e1lneho rozvoja Bratislavy. Verejnosti ho predstav\u00edme na bud\u00faci t\u00fd\u017ede\u0148.\u00a0 - Bratislava 2030","isPartOf":{"@id":"https:\/\/bratislava2030.sk\/#website"},"datePublished":"2022-05-17T13:15:48+00:00","dateModified":"2022-05-17T13:18:14+00:00","author":{"@id":"https:\/\/bratislava2030.sk\/#\/schema\/person\/ce52a3b8325e876459ea2dbe2d5698ee"},"description":"Na febru\u00e1rovom zastupite\u013estve bol mestsk\u00fdm poslancom a\u202fposlankyniam predstaven\u00fd strategicko-programov\u00fd r\u00e1mec Bratislava 2030.","breadcrumb":{"@id":"https:\/\/bratislava2030.sk\/sfinalizovali-sme-program-hospodarskeho-a-socialneho-rozvoja-bratislavy-verejnosti-ho-predstavime-na-buduci-tyzden\/#breadcrumb"},"inLanguage":"en-US","potentialAction":[{"@type":"ReadAction","target":["https:\/\/bratislava2030.sk\/sfinalizovali-sme-program-hospodarskeho-a-socialneho-rozvoja-bratislavy-verejnosti-ho-predstavime-na-buduci-tyzden\/"]}]},{"@type":"BreadcrumbList","@id":"https:\/\/bratislava2030.sk\/sfinalizovali-sme-program-hospodarskeho-a-socialneho-rozvoja-bratislavy-verejnosti-ho-predstavime-na-buduci-tyzden\/#breadcrumb","itemListElement":[{"@type":"ListItem","position":1,"name":"Home","item":"https:\/\/bratislava2030.sk\/"},{"@type":"ListItem","position":2,"name":"Sfinalizovali sme program hospod\u00e1rskeho a soci\u00e1lneho rozvoja Bratislavy. Verejnosti ho predstav\u00edme na bud\u00faci t\u00fd\u017ede\u0148.\u00a0"}]},{"@type":"WebSite","@id":"https:\/\/bratislava2030.sk\/#website","url":"https:\/\/bratislava2030.sk\/","name":"Bratislava 2030","description":"Bratislava 2030 pos\u00fava hlavn\u00e9 mesto Slovenska do \u010fal\u0161ieho desa\u0165ro\u010dia","potentialAction":[{"@type":"SearchAction","target":{"@type":"EntryPoint","urlTemplate":"https:\/\/bratislava2030.sk\/?s={search_term_string}"},"query-input":"required name=search_term_string"}],"inLanguage":"en-US"},{"@type":"Person","@id":"https:\/\/bratislava2030.sk\/#\/schema\/person\/ce52a3b8325e876459ea2dbe2d5698ee","name":"T\u00edm Bratislava 2030","image":{"@type":"ImageObject","inLanguage":"en-US","@id":"https:\/\/bratislava2030.sk\/#\/schema\/person\/image\/","url":"https:\/\/secure.gravatar.com\/avatar\/117de88d0adf789960aa8c30a5135f45?s=96&d=blank&r=g","contentUrl":"https:\/\/secure.gravatar.com\/avatar\/117de88d0adf789960aa8c30a5135f45?s=96&d=blank&r=g","caption":"T\u00edm Bratislava 2030"},"url":"https:\/\/bratislava2030.sk\/en\/author\/orol\/"}]}},"_links":{"self":[{"href":"https:\/\/bratislava2030.sk\/en\/wp-json\/wp\/v2\/posts\/1569"}],"collection":[{"href":"https:\/\/bratislava2030.sk\/en\/wp-json\/wp\/v2\/posts"}],"about":[{"href":"https:\/\/bratislava2030.sk\/en\/wp-json\/wp\/v2\/types\/post"}],"author":[{"embeddable":true,"href":"https:\/\/bratislava2030.sk\/en\/wp-json\/wp\/v2\/users\/1"}],"replies":[{"embeddable":true,"href":"https:\/\/bratislava2030.sk\/en\/wp-json\/wp\/v2\/comments?post=1569"}],"version-history":[{"count":3,"href":"https:\/\/bratislava2030.sk\/en\/wp-json\/wp\/v2\/posts\/1569\/revisions"}],"predecessor-version":[{"id":1573,"href":"https:\/\/bratislava2030.sk\/en\/wp-json\/wp\/v2\/posts\/1569\/revisions\/1573"}],"wp:featuredmedia":[{"embeddable":true,"href":"https:\/\/bratislava2030.sk\/en\/wp-json\/wp\/v2\/media\/1575"}],"wp:attachment":[{"href":"https:\/\/bratislava2030.sk\/en\/wp-json\/wp\/v2\/media?parent=1569"}],"wp:term":[{"taxonomy":"category","embeddable":true,"href":"https:\/\/bratislava2030.sk\/en\/wp-json\/wp\/v2\/categories?post=1569"},{"taxonomy":"post_tag","embeddable":true,"href":"https:\/\/bratislava2030.sk\/en\/wp-json\/wp\/v2\/tags?post=1569"}],"curies":[{"name":"wp","href":"https:\/\/api.w.org\/{rel}","templated":true}]}}