{"id":1886,"date":"2023-01-09T10:34:47","date_gmt":"2023-01-09T09:34:47","guid":{"rendered":"https:\/\/bratislava2030.sk\/?p=1886"},"modified":"2023-01-12T12:24:49","modified_gmt":"2023-01-12T11:24:49","slug":"pozvanka-vystava-buducnost-bratislava-udrzatelny-rozvoj-mesta","status":"publish","type":"post","link":"https:\/\/bratislava2030.sk\/en\/pozvanka-vystava-buducnost-bratislava-udrzatelny-rozvoj-mesta\/","title":{"rendered":"POZV\u00c1NKA NA V\u00ddSTAVU: O\u00a0bud\u00facnosti Bratislavy a\u00a0udr\u017eate\u013enom rozvoji mesta"},"content":{"rendered":"<p>[et_pb_section fb_built=&#8220;1&#8243; _builder_version=&#8220;4.10.2&#8243; _module_preset=&#8220;default&#8220; custom_padding=&#8220;40px||20px||false|false&#8220; global_colors_info=&#8220;{}&#8220; theme_builder_area=&#8220;post_content&#8220;][et_pb_row _builder_version=&#8220;4.10.2&#8243; _module_preset=&#8220;default&#8220; global_colors_info=&#8220;{}&#8220; theme_builder_area=&#8220;post_content&#8220;][et_pb_column type=&#8220;4_4&#8243; _builder_version=&#8220;4.10.2&#8243; _module_preset=&#8220;default&#8220; global_colors_info=&#8220;{}&#8220; theme_builder_area=&#8220;post_content&#8220;][et_pb_text content_tablet=&#8220;&#8220; content_phone=&#8220;<\/p>\n<p style=\"%22text-align:\" left;%22><span data-contrast=\"%22auto%22\" xml:lang=\"%22SK-SK%22\" lang=\"%22SK-SK%22\" class=\"%22TextRun\" scxw150590929 bcx0%22><span class=\"%22NormalTextRun\" scxw150590929 bcx0%22>Bratislava moment\u00e1lne tvor\u00ed<span> <\/span><\/span><span class=\"%22NormalTextRun\" scxw150590929 bcx0%22>strategick\u00fd dokument, ktor\u00e9ho s\u00fa\u010das\u0165ou je v\u00edzia<\/span><span class=\"%22NormalTextRun\" scxw150590929 bcx0%22>, ako bude<\/span><span class=\"%22NormalTextRun\" scxw150590929 bcx0%22><span> <\/span><\/span><span class=\"%22NormalTextRun\" scxw150590929 bcx0%22>vyzera\u0165 v\u202froku 2030.<\/span><span class=\"%22NormalTextRun\" scxw150590929 bcx0%22><span> <\/span>Tento strategick\u00fd dokument je nazvan\u00fd Bratislava 2030 a\u202fposledn\u00fd rok a\u202fpol na \u0148om pracuj\u00fa<\/span><span class=\"%22NormalTextRun\" scxw150590929 bcx0%22><span> <\/span>odborn\u00edci z\u202fintern\u00e9ho aj extern\u00e9ho prostredia v\u202f12 pracovn\u00fdch skupin\u00e1ch v\u202foblastiach ako je mobilita, \u017eivotn\u00e9 prostredie, \u00fazemn\u00fd rozvoj<\/span><span class=\"%22NormalTextRun\" scxw150590929 bcx0%22>, ekonomick\u00fd rozvoj, a<\/span><span class=\"%22NormalTextRun\" scxw150590929 bcx0%22>\u202f<\/span><span class=\"%22NormalTextRun\" scxw150590929 bcx0%22>podobne<\/span><span class=\"%22NormalTextRun\" scxw150590929 bcx0%22>.<span> <\/span><\/span><span class=\"%22NormalTextRun\" scxw150590929 bcx0%22>K<\/span><span class=\"%22NormalTextRun\" scxw150590929 bcx0%22>a\u017ed\u00fd<span> <\/span><\/span><span class=\"%22NormalTextRun\" scxw150590929 bcx0%22>cie\u013e<\/span><span class=\"%22NormalTextRun\" scxw150590929 bcx0%22>,<\/span><span class=\"%22NormalTextRun\" scxw150590929 bcx0%22>\u202f<\/span><\/span><span data-contrast=\"%22auto%22\" xml:lang=\"%22SK-SK%22\" lang=\"%22SK-SK%22\" class=\"%22TextRun\" scxw150590929 bcx0%22><span class=\"%22NormalTextRun\" scxw150590929 bcx0%22>v\u00edzia<\/span><span class=\"%22NormalTextRun\" scxw150590929 bcx0%22><span> <\/span>aj n\u00e1vrh opatren\u00ed<\/span><span class=\"%22NormalTextRun\" scxw150590929 bcx0%22><span> <\/span><\/span><span class=\"%22NormalTextRun\" commentstart scxw150590929 bcx0%22>s<\/span><span class=\"%22NormalTextRun\" scxw150590929 bcx0%22>a<span> <\/span><\/span><span class=\"%22NormalTextRun\" scxw150590929 bcx0%22>netvor<\/span><span class=\"%22NormalTextRun\" scxw150590929 bcx0%22>ia<\/span><span class=\"%22NormalTextRun\" scxw150590929 bcx0%22><span> <\/span>za stolom<\/span><span class=\"%22NormalTextRun\" scxw150590929 bcx0%22>,<\/span><span class=\"%22NormalTextRun\" scxw150590929 bcx0%22><span> <\/span>ale prostredn\u00edctvom <\/span><\/span><span data-contrast=\"%22auto%22\" xml:lang=\"%22SK-SK%22\" lang=\"%22SK-SK%22\" class=\"%22TextRun\" scxw150590929 bcx0%22><span class=\"%22NormalTextRun\" scxw150590929 bcx0%22>dial\u00f3gu<\/span><span class=\"%22NormalTextRun\" scxw150590929 bcx0%22><span> <\/span>s\u202fodbornou<span> <\/span><\/span><span class=\"%22NormalTextRun\" scxw150590929 bcx0%22>verejnos\u0165ou<\/span><span class=\"%22NormalTextRun\" scxw150590929 bcx0%22>, mestsk\u00fdmi \u010das\u0165ami, poslancami ale aj \u0161irokou verejnos\u0165ou<\/span><span class=\"%22NormalTextRun\" scxw150590929 bcx0%22>. <\/span><\/span><span class=\"%22EOP\" scxw150590929 bcx0%22 data-ccp-props=\"%22{%22201341983%22:0,%22335559739%22:160,%22335559740%22:259}%22\"> <\/span><\/p>\n<p style=\"%22text-align:\" left;%22><span data-contrast=\"%22auto%22\">V pondelok 27.9. a\u202fvo \u0161tvrtok 30.9.2021 sme mali mo\u017enos\u0165 prostredn\u00edctvom online streamu na youtube MIB po\u010du\u0165 v\u00edziu a\u202fciele v\u202fjednotliv\u00fdch oblastiach, ktor\u00fa predstavili ved\u00faci pracovn\u00fdch skup\u00edn. N\u00e1sledne prebiehali okr\u00fahle stoly s\u202fr\u00f4znymi akt\u00e9rmi v\u202fdanej oblasti \u010di u\u017e z\u202fverejnej alebo s\u00fakromnej sf\u00e9ry.<\/span><\/p>\n<p>&#8220; content_last_edited=&#8220;on|phone&#8220; _builder_version=&#8220;4.14.9&#8243; _module_preset=&#8220;default&#8220; hover_enabled=&#8220;0&#8243; global_colors_info=&#8220;{}&#8220; theme_builder_area=&#8220;post_content&#8220; sticky_enabled=&#8220;0&#8243;]<\/p>\n<h4 class=\"excerpt\"><strong>Hlavn\u00e9 mesto, Metropolitn\u00fd in\u0161tit\u00fat Bratislavy a desiatky odborn\u00edkov posledn\u00e9 dva roky tvorili strategick\u00fd pl\u00e1n Bratislava 2030, pod\u013ea ktor\u00e9ho sa bude hlavn\u00e9 mesto rozv\u00edja\u0165 a zlep\u0161ova\u0165 kvalitu \u017eivota. Sprievodn\u00fdm podujat\u00edm je v\u00fdstava, ktor\u00e1 pribli\u017euje projekty, cez ktor\u00e9 mesto pl\u00e1nuje rie\u0161i\u0165 najv\u00e4\u010d\u0161ie v\u00fdzvy s\u00fa\u010dasnosti, medzi ktor\u00e9 patr\u00ed zmena kl\u00edmy, dostupnos\u0165 b\u00fdvania \u010di udr\u017eate\u013en\u00fd pohyb. Organiz\u00e1tormi s\u00fa Metropolitn\u00fd in\u0161tit\u00fat Bratislavy a \u010cesk\u00e9 centrum v Bratislave, ktor\u00e9 doplnilo v\u00fdstavu o interakt\u00edvnu \u010das\u0165 zameran\u00fa na vedeck\u00fd pokrok a inov\u00e1cie pom\u00e1haj\u00face rie\u0161i\u0165 glob\u00e1lne probl\u00e9my sveta. V\u00fdstava potrv\u00e1 v Univerzitnej kni\u017enici v Bratislave do 31. janu\u00e1ra.<\/strong><\/h4>\n<p>[\/et_pb_text][et_pb_image src=&#8220;https:\/\/bratislava2030.sk\/wp-content\/uploads\/2023\/01\/Cover-a-plagat-BA-2023_facebook_event_01.png&#8220; title_text=&#8220;Cover a plag\u00e1t BA 2023_facebook_event_01&#8243; align=&#8220;center&#8220; _builder_version=&#8220;4.14.9&#8243; _module_preset=&#8220;default&#8220; global_colors_info=&#8220;{}&#8220; theme_builder_area=&#8220;post_content&#8220;][\/et_pb_image][et_pb_text content_tablet=&#8220;&#8220; content_phone=&#8220;<\/p>\n<p style=\"%22text-align:\" left;%22><span data-contrast=\"%22auto%22\" xml:lang=\"%22SK-SK%22\" lang=\"%22SK-SK%22\" class=\"%22TextRun\" scxw150590929 bcx0%22><span class=\"%22NormalTextRun\" scxw150590929 bcx0%22>Bratislava moment\u00e1lne tvor\u00ed<span> <\/span><\/span><span class=\"%22NormalTextRun\" scxw150590929 bcx0%22>strategick\u00fd dokument, ktor\u00e9ho s\u00fa\u010das\u0165ou je v\u00edzia<\/span><span class=\"%22NormalTextRun\" scxw150590929 bcx0%22>, ako bude<\/span><span class=\"%22NormalTextRun\" scxw150590929 bcx0%22><span> <\/span><\/span><span class=\"%22NormalTextRun\" scxw150590929 bcx0%22>vyzera\u0165 v\u202froku 2030.<\/span><span class=\"%22NormalTextRun\" scxw150590929 bcx0%22><span> <\/span>Tento strategick\u00fd dokument je nazvan\u00fd Bratislava 2030 a\u202fposledn\u00fd rok a\u202fpol na \u0148om pracuj\u00fa<\/span><span class=\"%22NormalTextRun\" scxw150590929 bcx0%22><span> <\/span>odborn\u00edci z\u202fintern\u00e9ho aj extern\u00e9ho prostredia v\u202f12 pracovn\u00fdch skupin\u00e1ch v\u202foblastiach ako je mobilita, \u017eivotn\u00e9 prostredie, \u00fazemn\u00fd rozvoj<\/span><span class=\"%22NormalTextRun\" scxw150590929 bcx0%22>, ekonomick\u00fd rozvoj, a<\/span><span class=\"%22NormalTextRun\" scxw150590929 bcx0%22>\u202f<\/span><span class=\"%22NormalTextRun\" scxw150590929 bcx0%22>podobne<\/span><span class=\"%22NormalTextRun\" scxw150590929 bcx0%22>.<span> <\/span><\/span><span class=\"%22NormalTextRun\" scxw150590929 bcx0%22>K<\/span><span class=\"%22NormalTextRun\" scxw150590929 bcx0%22>a\u017ed\u00fd<span> <\/span><\/span><span class=\"%22NormalTextRun\" scxw150590929 bcx0%22>cie\u013e<\/span><span class=\"%22NormalTextRun\" scxw150590929 bcx0%22>,<\/span><span class=\"%22NormalTextRun\" scxw150590929 bcx0%22>\u202f<\/span><\/span><span data-contrast=\"%22auto%22\" xml:lang=\"%22SK-SK%22\" lang=\"%22SK-SK%22\" class=\"%22TextRun\" scxw150590929 bcx0%22><span class=\"%22NormalTextRun\" scxw150590929 bcx0%22>v\u00edzia<\/span><span class=\"%22NormalTextRun\" scxw150590929 bcx0%22><span> <\/span>aj n\u00e1vrh opatren\u00ed<\/span><span class=\"%22NormalTextRun\" scxw150590929 bcx0%22><span> <\/span><\/span><span class=\"%22NormalTextRun\" commentstart scxw150590929 bcx0%22>s<\/span><span class=\"%22NormalTextRun\" scxw150590929 bcx0%22>a<span> <\/span><\/span><span class=\"%22NormalTextRun\" scxw150590929 bcx0%22>netvor<\/span><span class=\"%22NormalTextRun\" scxw150590929 bcx0%22>ia<\/span><span class=\"%22NormalTextRun\" scxw150590929 bcx0%22><span> <\/span>za stolom<\/span><span class=\"%22NormalTextRun\" scxw150590929 bcx0%22>,<\/span><span class=\"%22NormalTextRun\" scxw150590929 bcx0%22><span> <\/span>ale prostredn\u00edctvom <\/span><\/span><span data-contrast=\"%22auto%22\" xml:lang=\"%22SK-SK%22\" lang=\"%22SK-SK%22\" class=\"%22TextRun\" scxw150590929 bcx0%22><span class=\"%22NormalTextRun\" scxw150590929 bcx0%22>dial\u00f3gu<\/span><span class=\"%22NormalTextRun\" scxw150590929 bcx0%22><span> <\/span>s\u202fodbornou<span> <\/span><\/span><span class=\"%22NormalTextRun\" scxw150590929 bcx0%22>verejnos\u0165ou<\/span><span class=\"%22NormalTextRun\" scxw150590929 bcx0%22>, mestsk\u00fdmi \u010das\u0165ami, poslancami ale aj \u0161irokou verejnos\u0165ou<\/span><span class=\"%22NormalTextRun\" scxw150590929 bcx0%22>. <\/span><\/span><span class=\"%22EOP\" scxw150590929 bcx0%22 data-ccp-props=\"%22{%22201341983%22:0,%22335559739%22:160,%22335559740%22:259}%22\"> <\/span><\/p>\n<p style=\"%22text-align:\" left;%22><span data-contrast=\"%22auto%22\">V pondelok 27.9. a\u202fvo \u0161tvrtok 30.9.2021 sme mali mo\u017enos\u0165 prostredn\u00edctvom online streamu na youtube MIB po\u010du\u0165 v\u00edziu a\u202fciele v\u202fjednotliv\u00fdch oblastiach, ktor\u00fa predstavili ved\u00faci pracovn\u00fdch skup\u00edn. N\u00e1sledne prebiehali okr\u00fahle stoly s\u202fr\u00f4znymi akt\u00e9rmi v\u202fdanej oblasti \u010di u\u017e z\u202fverejnej alebo s\u00fakromnej sf\u00e9ry.<\/span><\/p>\n<p>&#8220; content_last_edited=&#8220;on|phone&#8220; _builder_version=&#8220;4.14.9&#8243; _module_preset=&#8220;default&#8220; hover_enabled=&#8220;0&#8243; global_colors_info=&#8220;{}&#8220; theme_builder_area=&#8220;post_content&#8220; sticky_enabled=&#8220;0&#8243;]<\/p>\n<p>Bratislava vlani v j\u00fani predstavila<span>\u00a0<\/span>nov\u00fd strategick\u00fd pl\u00e1n Bratislava 2030, pod\u013ea ktor\u00e9ho chce by\u0165 do roku 2030 e\u0161te starostlivej\u0161ie, dostupnej\u0161ie a odolnej\u0161ie mesto pre \u017eivot.<\/p>\n<p>Pl\u00e1n je pripraven\u00fd na zmeny v doprave, \u0161kolstve, kult\u00fare, \u017eivotnom\u00a0 prostred\u00ed, \u00fazemnom pl\u00e1novan\u00ed \u010di zvy\u0161ovan\u00ed dostupnosti b\u00fdvania. Tak\u00fdmto cie\u013eom napr\u00edklad je, aby sa do roku 2030 skr\u00e1tila d\u013a\u017eka \u010dakania na n\u00e1jomn\u00fd byt zo 6 rokov na 2 roky. Tie\u017e sa m\u00e1 pripravi\u0165 a schv\u00e1li\u0165 nov\u00fd \u00fazemn\u00fd pl\u00e1n, ktor\u00fd bude podporova\u0165 rozvoj mesta na princ\u00edpe 15 min\u00fatov\u00e9ho mesta.<\/p>\n<p>V\u0161etky ciele v dokumente Bratislava 2030 s\u00fa naviazan\u00e9 na 17 glob\u00e1lnych cie\u013eov udr\u017eate\u013en\u00e9ho rozvoja\u00a0 (tzv. SDGs \u2013 Sustainable Development Goals) v medzin\u00e1rodnej iniciat\u00edve Agenda 2030, ku ktorej sa prihl\u00e1silo 193 \u010dlensk\u00fdch \u0161t\u00e1tov OSN. Medzin\u00e1rodn\u00e9 spolo\u010denstvo sa tak\u00fdmto sp\u00f4sobom sna\u017e\u00ed reagova\u0165 na celosvetov\u00e9 v\u00fdzvy a stanovi\u0165 cestu, ako prinies\u0165 zmenu do roku 2030. Hlavn\u00e9 mesto\u00a0 dan\u00e9 ciele realizuje na lok\u00e1lnej \u00farovni pr\u00e1ve cez strategick\u00fd dokument Bratislava 2030.<\/p>\n<p><strong><em>\u201cSedemn\u00e1s\u0165 cie\u013eov SDGs n\u00e1s prep\u00e1jaj\u00fa s glob\u00e1lnym \u00fasil\u00edm o udr\u017eate\u013en\u00fd rozvoj. V\u010faka nim m\u00e1me glob\u00e1lne rozoznan\u00fd referen\u010dn\u00fd r\u00e1mec a sp\u00f4soby porovn\u00e1vania. S\u00fa to pr\u00e1ve mest\u00e1, ktor\u00e9, ak s\u00fa dobre navrhnut\u00e9, hraj\u00fa v dosahovan\u00ed udr\u017eate\u013enosti hlavn\u00fa rolu,\u201d<span>\u00a0<\/span><\/em><\/strong>povedal J\u00e1n Maz\u00far, riadite\u013e Metropolitn\u00e9ho in\u0161tit\u00fatu Bratislavy.<\/p>\n<p>[\/et_pb_text][et_pb_image src=&#8220;https:\/\/bratislava2030.sk\/wp-content\/uploads\/2023\/01\/20230111_182122000_iOS-scaled.jpg&#8220; _builder_version=&#8220;4.14.9&#8243; _module_preset=&#8220;default&#8220; theme_builder_area=&#8220;et_body_layout&#8220; hover_enabled=&#8220;0&#8243; sticky_enabled=&#8220;0&#8243; title_text=&#8220;20230111_182122000_iOS&#8220;][\/et_pb_image][et_pb_text content_tablet=&#8220;&#8220; content_phone=&#8220;<\/p>\n<p style=\"%22text-align:\" left;%22><span data-contrast=\"%22auto%22\" xml:lang=\"%22SK-SK%22\" lang=\"%22SK-SK%22\" class=\"%22TextRun\" scxw150590929 bcx0%22><span class=\"%22NormalTextRun\" scxw150590929 bcx0%22>Bratislava moment\u00e1lne tvor\u00ed<span> <\/span><\/span><span class=\"%22NormalTextRun\" scxw150590929 bcx0%22>strategick\u00fd dokument, ktor\u00e9ho s\u00fa\u010das\u0165ou je v\u00edzia<\/span><span class=\"%22NormalTextRun\" scxw150590929 bcx0%22>, ako bude<\/span><span class=\"%22NormalTextRun\" scxw150590929 bcx0%22><span> <\/span><\/span><span class=\"%22NormalTextRun\" scxw150590929 bcx0%22>vyzera\u0165 v\u202froku 2030.<\/span><span class=\"%22NormalTextRun\" scxw150590929 bcx0%22><span> <\/span>Tento strategick\u00fd dokument je nazvan\u00fd Bratislava 2030 a\u202fposledn\u00fd rok a\u202fpol na \u0148om pracuj\u00fa<\/span><span class=\"%22NormalTextRun\" scxw150590929 bcx0%22><span> <\/span>odborn\u00edci z\u202fintern\u00e9ho aj extern\u00e9ho prostredia v\u202f12 pracovn\u00fdch skupin\u00e1ch v\u202foblastiach ako je mobilita, \u017eivotn\u00e9 prostredie, \u00fazemn\u00fd rozvoj<\/span><span class=\"%22NormalTextRun\" scxw150590929 bcx0%22>, ekonomick\u00fd rozvoj, a<\/span><span class=\"%22NormalTextRun\" scxw150590929 bcx0%22>\u202f<\/span><span class=\"%22NormalTextRun\" scxw150590929 bcx0%22>podobne<\/span><span class=\"%22NormalTextRun\" scxw150590929 bcx0%22>.<span> <\/span><\/span><span class=\"%22NormalTextRun\" scxw150590929 bcx0%22>K<\/span><span class=\"%22NormalTextRun\" scxw150590929 bcx0%22>a\u017ed\u00fd<span> <\/span><\/span><span class=\"%22NormalTextRun\" scxw150590929 bcx0%22>cie\u013e<\/span><span class=\"%22NormalTextRun\" scxw150590929 bcx0%22>,<\/span><span class=\"%22NormalTextRun\" scxw150590929 bcx0%22>\u202f<\/span><\/span><span data-contrast=\"%22auto%22\" xml:lang=\"%22SK-SK%22\" lang=\"%22SK-SK%22\" class=\"%22TextRun\" scxw150590929 bcx0%22><span class=\"%22NormalTextRun\" scxw150590929 bcx0%22>v\u00edzia<\/span><span class=\"%22NormalTextRun\" scxw150590929 bcx0%22><span> <\/span>aj n\u00e1vrh opatren\u00ed<\/span><span class=\"%22NormalTextRun\" scxw150590929 bcx0%22><span> <\/span><\/span><span class=\"%22NormalTextRun\" commentstart scxw150590929 bcx0%22>s<\/span><span class=\"%22NormalTextRun\" scxw150590929 bcx0%22>a<span> <\/span><\/span><span class=\"%22NormalTextRun\" scxw150590929 bcx0%22>netvor<\/span><span class=\"%22NormalTextRun\" scxw150590929 bcx0%22>ia<\/span><span class=\"%22NormalTextRun\" scxw150590929 bcx0%22><span> <\/span>za stolom<\/span><span class=\"%22NormalTextRun\" scxw150590929 bcx0%22>,<\/span><span class=\"%22NormalTextRun\" scxw150590929 bcx0%22><span> <\/span>ale prostredn\u00edctvom <\/span><\/span><span data-contrast=\"%22auto%22\" xml:lang=\"%22SK-SK%22\" lang=\"%22SK-SK%22\" class=\"%22TextRun\" scxw150590929 bcx0%22><span class=\"%22NormalTextRun\" scxw150590929 bcx0%22>dial\u00f3gu<\/span><span class=\"%22NormalTextRun\" scxw150590929 bcx0%22><span> <\/span>s\u202fodbornou<span> <\/span><\/span><span class=\"%22NormalTextRun\" scxw150590929 bcx0%22>verejnos\u0165ou<\/span><span class=\"%22NormalTextRun\" scxw150590929 bcx0%22>, mestsk\u00fdmi \u010das\u0165ami, poslancami ale aj \u0161irokou verejnos\u0165ou<\/span><span class=\"%22NormalTextRun\" scxw150590929 bcx0%22>. <\/span><\/span><span class=\"%22EOP\" scxw150590929 bcx0%22 data-ccp-props=\"%22{%22201341983%22:0,%22335559739%22:160,%22335559740%22:259}%22\"> <\/span><\/p>\n<p style=\"%22text-align:\" left;%22><span data-contrast=\"%22auto%22\">V pondelok 27.9. a\u202fvo \u0161tvrtok 30.9.2021 sme mali mo\u017enos\u0165 prostredn\u00edctvom online streamu na youtube MIB po\u010du\u0165 v\u00edziu a\u202fciele v\u202fjednotliv\u00fdch oblastiach, ktor\u00fa predstavili ved\u00faci pracovn\u00fdch skup\u00edn. N\u00e1sledne prebiehali okr\u00fahle stoly s\u202fr\u00f4znymi akt\u00e9rmi v\u202fdanej oblasti \u010di u\u017e z\u202fverejnej alebo s\u00fakromnej sf\u00e9ry.<\/span><\/p>\n<p>&#8220; content_last_edited=&#8220;on|phone&#8220; _builder_version=&#8220;4.14.9&#8243; _module_preset=&#8220;default&#8220; hover_enabled=&#8220;0&#8243; global_colors_info=&#8220;{}&#8220; theme_builder_area=&#8220;post_content&#8220; sticky_enabled=&#8220;0&#8243;]<\/p>\n<h3><strong>Glob\u00e1lne ciele pre udr\u017eate\u013en\u00fd rozvoj miest<\/strong><\/h3>\n<p>Cie\u013eom v\u00fdstavy je verejnosti pribl\u00ed\u017ei\u0165 projekty a ciele hlavn\u00e9ho mesta a ich naviazanie na Agendu 2030 pre udr\u017eate\u013en\u00fd rozvoj. S\u00fa\u010das\u0165ou v\u00fdstavy je aj interakt\u00edvna \u010das\u0165, ktor\u00fa umelecky stv\u00e1rnil grafik Pavel Fuksa. V roz\u0161\u00edrenej realite pribli\u017euje vedeck\u00fd pokrok a inov\u00e1cie pom\u00e1haj\u00face rie\u0161i\u0165 glob\u00e1lne probl\u00e9my sveta. Interakt\u00edvna v\u00fdstava vznikla ako spolo\u010dn\u00fd projekt \u010cesk\u00fdch centier a Technologickej agent\u00fary \u010cR. Metropolitn\u00fd in\u0161tit\u00fat Bratislavy oslovil \u010cesk\u00e9 centrum v Bratislave na spolupr\u00e1cu pri v\u00fdstave, ke\u010f\u017ee sa tie\u017e venovali projektu, ktor\u00fd bol zameran\u00fd na udr\u017eate\u013en\u00fd rozvoj v r\u00e1mci Agendy 2030.<\/p>\n<p><strong><em>\u201eV\u00fdstava vyu\u017e\u00edva technol\u00f3giu roz\u0161\u00edrenej reality, ktor\u00e1 je ve\u013emi atrakt\u00edvna pre deti a ml\u00e1de\u017e. N\u00e1v\u0161tevn\u00edci pomocou svojich mobiln\u00fdch telef\u00f3nov rozh\u00fdbu piktogram a zozn\u00e1mia sa nielen s cie\u013emi udr\u017eate\u013en\u00e9ho rozvoja, ale aj s aktu\u00e1lnymi v\u00fdsledkami vedcov \u010di inov\u00e1torov a ako sa im dar\u00ed tieto ciele nap\u013a\u0148a\u0165. V\u00fdstava sa v r\u00e1mci predsedn\u00edctva \u010ceskej republiky v Rade Eur\u00f3pskej \u00fanie predstavila v New Yorku, Lond\u00fdne, Berl\u00edne, At\u00e9nach, Prahe i Var\u0161ave. Sme ve\u013emi radi, \u017ee bude s\u00fa\u010das\u0165ou aj tejto vzdel\u00e1vacej v\u00fdstavy a pom\u00f4\u017ee \u0161\u00edri\u0165 potrebu ochrany na\u0161ej plan\u00e9ty a jej zdrojov,\u201c<\/em><\/strong><span>\u00a0<\/span>hovor\u00ed riadite\u013eka \u010cesk\u00e9ho centra Bratislava Monika Koblerov\u00e1.<\/p>\n<p>[\/et_pb_text][et_pb_image src=&#8220;https:\/\/bratislava2030.sk\/wp-content\/uploads\/2023\/01\/20230111_175420000_iOS-scaled.jpg&#8220; _builder_version=&#8220;4.14.9&#8243; _module_preset=&#8220;default&#8220; theme_builder_area=&#8220;et_body_layout&#8220; hover_enabled=&#8220;0&#8243; sticky_enabled=&#8220;0&#8243; title_text=&#8220;20230111_175420000_iOS&#8220;][\/et_pb_image][et_pb_text content_tablet=&#8220;&#8220; content_phone=&#8220;<\/p>\n<p style=\"%22text-align:\" left;%22><span data-contrast=\"%22auto%22\" xml:lang=\"%22SK-SK%22\" lang=\"%22SK-SK%22\" class=\"%22TextRun\" scxw150590929 bcx0%22><span class=\"%22NormalTextRun\" scxw150590929 bcx0%22>Bratislava moment\u00e1lne tvor\u00ed<span> <\/span><\/span><span class=\"%22NormalTextRun\" scxw150590929 bcx0%22>strategick\u00fd dokument, ktor\u00e9ho s\u00fa\u010das\u0165ou je v\u00edzia<\/span><span class=\"%22NormalTextRun\" scxw150590929 bcx0%22>, ako bude<\/span><span class=\"%22NormalTextRun\" scxw150590929 bcx0%22><span> <\/span><\/span><span class=\"%22NormalTextRun\" scxw150590929 bcx0%22>vyzera\u0165 v\u202froku 2030.<\/span><span class=\"%22NormalTextRun\" scxw150590929 bcx0%22><span> <\/span>Tento strategick\u00fd dokument je nazvan\u00fd Bratislava 2030 a\u202fposledn\u00fd rok a\u202fpol na \u0148om pracuj\u00fa<\/span><span class=\"%22NormalTextRun\" scxw150590929 bcx0%22><span> <\/span>odborn\u00edci z\u202fintern\u00e9ho aj extern\u00e9ho prostredia v\u202f12 pracovn\u00fdch skupin\u00e1ch v\u202foblastiach ako je mobilita, \u017eivotn\u00e9 prostredie, \u00fazemn\u00fd rozvoj<\/span><span class=\"%22NormalTextRun\" scxw150590929 bcx0%22>, ekonomick\u00fd rozvoj, a<\/span><span class=\"%22NormalTextRun\" scxw150590929 bcx0%22>\u202f<\/span><span class=\"%22NormalTextRun\" scxw150590929 bcx0%22>podobne<\/span><span class=\"%22NormalTextRun\" scxw150590929 bcx0%22>.<span> <\/span><\/span><span class=\"%22NormalTextRun\" scxw150590929 bcx0%22>K<\/span><span class=\"%22NormalTextRun\" scxw150590929 bcx0%22>a\u017ed\u00fd<span> <\/span><\/span><span class=\"%22NormalTextRun\" scxw150590929 bcx0%22>cie\u013e<\/span><span class=\"%22NormalTextRun\" scxw150590929 bcx0%22>,<\/span><span class=\"%22NormalTextRun\" scxw150590929 bcx0%22>\u202f<\/span><\/span><span data-contrast=\"%22auto%22\" xml:lang=\"%22SK-SK%22\" lang=\"%22SK-SK%22\" class=\"%22TextRun\" scxw150590929 bcx0%22><span class=\"%22NormalTextRun\" scxw150590929 bcx0%22>v\u00edzia<\/span><span class=\"%22NormalTextRun\" scxw150590929 bcx0%22><span> <\/span>aj n\u00e1vrh opatren\u00ed<\/span><span class=\"%22NormalTextRun\" scxw150590929 bcx0%22><span> <\/span><\/span><span class=\"%22NormalTextRun\" commentstart scxw150590929 bcx0%22>s<\/span><span class=\"%22NormalTextRun\" scxw150590929 bcx0%22>a<span> <\/span><\/span><span class=\"%22NormalTextRun\" scxw150590929 bcx0%22>netvor<\/span><span class=\"%22NormalTextRun\" scxw150590929 bcx0%22>ia<\/span><span class=\"%22NormalTextRun\" scxw150590929 bcx0%22><span> <\/span>za stolom<\/span><span class=\"%22NormalTextRun\" scxw150590929 bcx0%22>,<\/span><span class=\"%22NormalTextRun\" scxw150590929 bcx0%22><span> <\/span>ale prostredn\u00edctvom <\/span><\/span><span data-contrast=\"%22auto%22\" xml:lang=\"%22SK-SK%22\" lang=\"%22SK-SK%22\" class=\"%22TextRun\" scxw150590929 bcx0%22><span class=\"%22NormalTextRun\" scxw150590929 bcx0%22>dial\u00f3gu<\/span><span class=\"%22NormalTextRun\" scxw150590929 bcx0%22><span> <\/span>s\u202fodbornou<span> <\/span><\/span><span class=\"%22NormalTextRun\" scxw150590929 bcx0%22>verejnos\u0165ou<\/span><span class=\"%22NormalTextRun\" scxw150590929 bcx0%22>, mestsk\u00fdmi \u010das\u0165ami, poslancami ale aj \u0161irokou verejnos\u0165ou<\/span><span class=\"%22NormalTextRun\" scxw150590929 bcx0%22>. <\/span><\/span><span class=\"%22EOP\" scxw150590929 bcx0%22 data-ccp-props=\"%22{%22201341983%22:0,%22335559739%22:160,%22335559740%22:259}%22\"> <\/span><\/p>\n<p style=\"%22text-align:\" left;%22><span data-contrast=\"%22auto%22\">V pondelok 27.9. a\u202fvo \u0161tvrtok 30.9.2021 sme mali mo\u017enos\u0165 prostredn\u00edctvom online streamu na youtube MIB po\u010du\u0165 v\u00edziu a\u202fciele v\u202fjednotliv\u00fdch oblastiach, ktor\u00fa predstavili ved\u00faci pracovn\u00fdch skup\u00edn. N\u00e1sledne prebiehali okr\u00fahle stoly s\u202fr\u00f4znymi akt\u00e9rmi v\u202fdanej oblasti \u010di u\u017e z\u202fverejnej alebo s\u00fakromnej sf\u00e9ry.<\/span><\/p>\n<p>&#8220; content_last_edited=&#8220;on|phone&#8220; _builder_version=&#8220;4.14.9&#8243; _module_preset=&#8220;default&#8220; hover_enabled=&#8220;0&#8243; global_colors_info=&#8220;{}&#8220; theme_builder_area=&#8220;post_content&#8220; sticky_enabled=&#8220;0&#8243;]<\/p>\n<h3><strong>Ako vznikal pl\u00e1n Bratislava 2030<\/strong><\/h3>\n<p>Program rozvoja mesta na roky 2022 a\u017e 2030 vznikal od roku 2020 a pripravovalo ho takmer 120 odborn\u00edkov a odborn\u00ed\u010dok. Pl\u00e1n sa tvoril participat\u00edvne so zapojen\u00edm odbornej i laickej verejnosti, ktor\u00e1 mala viackr\u00e1t mo\u017enos\u0165 pripomienkova\u0165 priebe\u017en\u00e9 v\u00fdstupy. Aj v\u010faka tak\u00e9muto pr\u00edstupu sa MIB-u podarilo zosumarizova\u0165 preferovan\u00e9 t\u00e9my, ktor\u00e9 by malo mesto rie\u0161i\u0165 prioritne. Takmer 700-stranov\u00fd dokument je rozdelen\u00fd do dvoch \u010dast\u00ed \u2013 analytick\u00e1 \u010das\u0165 a strategick\u00e1 \u010das\u0165. Fin\u00e1lna verzia pl\u00e1nu Bratislava 2030 je zverejnen\u00e1 na<span>\u00a0<\/span><a href=\"https:\/\/bratislava2030.sk\/en\/\">www.bratislava2030.sk<\/a>.<\/p>\n<p>Hlavn\u00e9 mesto a jeho organiz\u00e1cie za\u010dn\u00fa postupne nap\u013a\u0148a\u0165 jednotliv\u00e9 ciele zo strategick\u00e9ho dokumentu cez konkr\u00e9tne projekty a in\u00e9 opatrenia. U\u017e dnes sa v meste obnovuj\u00fa viacer\u00e9 verejn\u00e9 priestory s oh\u013eadom na kl\u00edmu, buduje sa nov\u00e1 elektri\u010dkov\u00e1 radi\u00e1la do Petr\u017ealky, a tie\u017e sa pracuje na nov\u00fdch n\u00e1jomn\u00fdch bytoch.<\/p>\n<p>\u00dalohou Metropolitn\u00e9ho in\u0161tit\u00fatu Bratislavy bude v nasleduj\u00facich rokoch sledova\u0165 pr\u00edpravu a priebeh t\u00fdchto projektov, systematicky zbiera\u0165 d\u00e1ta od mesta a mestsk\u00fdch in\u0161tit\u00faci\u00ed, pravidelne ka\u017ed\u00fd rok vyhodnocova\u0165 \u00faspe\u0161nos\u0165 nap\u013a\u0148ania jednotliv\u00fdch opatren\u00ed, a tie\u017e priebe\u017ene prehodnocova\u0165 jednotliv\u00e9 ciele. Dokument Bratislava 2030 m\u00e1 by\u0165 \u017eiv\u00fd n\u00e1stroj, ktor\u00fd dok\u00e1\u017ee reagova\u0165 na r\u00f4zne situ\u00e1cie v \u010dase bez toho, aby sa to odrazilo na kvalite fin\u00e1lneho rie\u0161enia.<\/p>\n<p>[\/et_pb_text][\/et_pb_column][\/et_pb_row][\/et_pb_section]<\/p>","protected":false},"excerpt":{"rendered":"<p>Spoznajte projekty, cez ktor\u00e9 hlavn\u00e9 mesto pl\u00e1nuje \u010deli\u0165 najv\u00e4\u010d\u0161\u00edm v\u00fdzvam bud\u00facnosti.<\/p>","protected":false},"author":1,"featured_media":1892,"comment_status":"closed","ping_status":"open","sticky":false,"template":"","format":"standard","meta":{"_et_pb_use_builder":"on","_et_pb_old_content":"","_et_gb_content_width":"","inline_featured_image":false},"categories":[4],"tags":[],"yoast_head":"<!-- This site is optimized with the Yoast SEO plugin v20.13 - https:\/\/yoast.com\/wordpress\/plugins\/seo\/ -->\n<title>POZV\u00c1NKA NA V\u00ddSTAVU: O\u00a0bud\u00facnosti Bratislavy a\u00a0udr\u017eate\u013enom rozvoji mesta - Bratislava 2030<\/title>\n<meta name=\"robots\" content=\"index, follow, max-snippet:-1, max-image-preview:large, max-video-preview:-1\" \/>\n<link rel=\"canonical\" href=\"https:\/\/bratislava2030.sk\/en\/pozvanka-vystava-buducnost-bratislava-udrzatelny-rozvoj-mesta\/\" \/>\n<meta property=\"og:locale\" content=\"en_US\" \/>\n<meta property=\"og:type\" content=\"article\" \/>\n<meta property=\"og:title\" content=\"POZV\u00c1NKA NA V\u00ddSTAVU: O\u00a0bud\u00facnosti Bratislavy a\u00a0udr\u017eate\u013enom rozvoji mesta - Bratislava 2030\" \/>\n<meta property=\"og:description\" content=\"Spoznajte projekty, cez ktor\u00e9 hlavn\u00e9 mesto pl\u00e1nuje \u010deli\u0165 najv\u00e4\u010d\u0161\u00edm v\u00fdzvam bud\u00facnosti.\" \/>\n<meta property=\"og:url\" content=\"https:\/\/bratislava2030.sk\/en\/pozvanka-vystava-buducnost-bratislava-udrzatelny-rozvoj-mesta\/\" \/>\n<meta property=\"og:site_name\" content=\"Bratislava 2030\" \/>\n<meta property=\"article:published_time\" content=\"2023-01-09T09:34:47+00:00\" \/>\n<meta property=\"article:modified_time\" content=\"2023-01-12T11:24:49+00:00\" \/>\n<meta property=\"og:image\" content=\"https:\/\/bratislava2030.sk\/wp-content\/uploads\/2023\/01\/Cover-a-plagat-BA-2023_facebook_event_01.png\" \/>\n\t<meta property=\"og:image:width\" content=\"1920\" \/>\n\t<meta property=\"og:image:height\" content=\"1005\" \/>\n\t<meta property=\"og:image:type\" content=\"image\/png\" \/>\n<meta name=\"author\" content=\"T\u00edm Bratislava 2030\" \/>\n<meta name=\"twitter:card\" content=\"summary_large_image\" \/>\n<meta name=\"twitter:label1\" content=\"Written by\" \/>\n\t<meta name=\"twitter:data1\" content=\"T\u00edm Bratislava 2030\" \/>\n\t<meta name=\"twitter:label2\" content=\"Est. reading time\" \/>\n\t<meta name=\"twitter:data2\" content=\"3 minutes\" \/>\n<script type=\"application\/ld+json\" class=\"yoast-schema-graph\">{\"@context\":\"https:\/\/schema.org\",\"@graph\":[{\"@type\":\"WebPage\",\"@id\":\"https:\/\/bratislava2030.sk\/pozvanka-vystava-buducnost-bratislava-udrzatelny-rozvoj-mesta\/\",\"url\":\"https:\/\/bratislava2030.sk\/pozvanka-vystava-buducnost-bratislava-udrzatelny-rozvoj-mesta\/\",\"name\":\"POZV\u00c1NKA NA V\u00ddSTAVU: O\u00a0bud\u00facnosti Bratislavy a\u00a0udr\u017eate\u013enom rozvoji mesta - Bratislava 2030\",\"isPartOf\":{\"@id\":\"https:\/\/bratislava2030.sk\/#website\"},\"datePublished\":\"2023-01-09T09:34:47+00:00\",\"dateModified\":\"2023-01-12T11:24:49+00:00\",\"author\":{\"@id\":\"https:\/\/bratislava2030.sk\/#\/schema\/person\/ce52a3b8325e876459ea2dbe2d5698ee\"},\"breadcrumb\":{\"@id\":\"https:\/\/bratislava2030.sk\/pozvanka-vystava-buducnost-bratislava-udrzatelny-rozvoj-mesta\/#breadcrumb\"},\"inLanguage\":\"en-US\",\"potentialAction\":[{\"@type\":\"ReadAction\",\"target\":[\"https:\/\/bratislava2030.sk\/pozvanka-vystava-buducnost-bratislava-udrzatelny-rozvoj-mesta\/\"]}]},{\"@type\":\"BreadcrumbList\",\"@id\":\"https:\/\/bratislava2030.sk\/pozvanka-vystava-buducnost-bratislava-udrzatelny-rozvoj-mesta\/#breadcrumb\",\"itemListElement\":[{\"@type\":\"ListItem\",\"position\":1,\"name\":\"Home\",\"item\":\"https:\/\/bratislava2030.sk\/\"},{\"@type\":\"ListItem\",\"position\":2,\"name\":\"POZV\u00c1NKA NA V\u00ddSTAVU: O\u00a0bud\u00facnosti Bratislavy a\u00a0udr\u017eate\u013enom rozvoji mesta\"}]},{\"@type\":\"WebSite\",\"@id\":\"https:\/\/bratislava2030.sk\/#website\",\"url\":\"https:\/\/bratislava2030.sk\/\",\"name\":\"Bratislava 2030\",\"description\":\"Bratislava 2030 pos\u00fava hlavn\u00e9 mesto Slovenska do \u010fal\u0161ieho desa\u0165ro\u010dia\",\"potentialAction\":[{\"@type\":\"SearchAction\",\"target\":{\"@type\":\"EntryPoint\",\"urlTemplate\":\"https:\/\/bratislava2030.sk\/?s={search_term_string}\"},\"query-input\":\"required name=search_term_string\"}],\"inLanguage\":\"en-US\"},{\"@type\":\"Person\",\"@id\":\"https:\/\/bratislava2030.sk\/#\/schema\/person\/ce52a3b8325e876459ea2dbe2d5698ee\",\"name\":\"T\u00edm Bratislava 2030\",\"image\":{\"@type\":\"ImageObject\",\"inLanguage\":\"en-US\",\"@id\":\"https:\/\/bratislava2030.sk\/#\/schema\/person\/image\/\",\"url\":\"https:\/\/secure.gravatar.com\/avatar\/117de88d0adf789960aa8c30a5135f45?s=96&d=blank&r=g\",\"contentUrl\":\"https:\/\/secure.gravatar.com\/avatar\/117de88d0adf789960aa8c30a5135f45?s=96&d=blank&r=g\",\"caption\":\"T\u00edm Bratislava 2030\"},\"url\":\"https:\/\/bratislava2030.sk\/en\/author\/orol\/\"}]}<\/script>\n<!-- \/ Yoast SEO plugin. -->","yoast_head_json":{"title":"POZV\u00c1NKA NA V\u00ddSTAVU: O\u00a0bud\u00facnosti Bratislavy a\u00a0udr\u017eate\u013enom rozvoji mesta - Bratislava 2030","robots":{"index":"index","follow":"follow","max-snippet":"max-snippet:-1","max-image-preview":"max-image-preview:large","max-video-preview":"max-video-preview:-1"},"canonical":"https:\/\/bratislava2030.sk\/en\/pozvanka-vystava-buducnost-bratislava-udrzatelny-rozvoj-mesta\/","og_locale":"en_US","og_type":"article","og_title":"POZV\u00c1NKA NA V\u00ddSTAVU: O\u00a0bud\u00facnosti Bratislavy a\u00a0udr\u017eate\u013enom rozvoji mesta - Bratislava 2030","og_description":"Spoznajte projekty, cez ktor\u00e9 hlavn\u00e9 mesto pl\u00e1nuje \u010deli\u0165 najv\u00e4\u010d\u0161\u00edm v\u00fdzvam bud\u00facnosti.","og_url":"https:\/\/bratislava2030.sk\/en\/pozvanka-vystava-buducnost-bratislava-udrzatelny-rozvoj-mesta\/","og_site_name":"Bratislava 2030","article_published_time":"2023-01-09T09:34:47+00:00","article_modified_time":"2023-01-12T11:24:49+00:00","og_image":[{"width":1920,"height":1005,"url":"https:\/\/bratislava2030.sk\/wp-content\/uploads\/2023\/01\/Cover-a-plagat-BA-2023_facebook_event_01.png","type":"image\/png"}],"author":"T\u00edm Bratislava 2030","twitter_card":"summary_large_image","twitter_misc":{"Written by":"T\u00edm Bratislava 2030","Est. reading time":"3 minutes"},"schema":{"@context":"https:\/\/schema.org","@graph":[{"@type":"WebPage","@id":"https:\/\/bratislava2030.sk\/pozvanka-vystava-buducnost-bratislava-udrzatelny-rozvoj-mesta\/","url":"https:\/\/bratislava2030.sk\/pozvanka-vystava-buducnost-bratislava-udrzatelny-rozvoj-mesta\/","name":"POZV\u00c1NKA NA V\u00ddSTAVU: O\u00a0bud\u00facnosti Bratislavy a\u00a0udr\u017eate\u013enom rozvoji mesta - Bratislava 2030","isPartOf":{"@id":"https:\/\/bratislava2030.sk\/#website"},"datePublished":"2023-01-09T09:34:47+00:00","dateModified":"2023-01-12T11:24:49+00:00","author":{"@id":"https:\/\/bratislava2030.sk\/#\/schema\/person\/ce52a3b8325e876459ea2dbe2d5698ee"},"breadcrumb":{"@id":"https:\/\/bratislava2030.sk\/pozvanka-vystava-buducnost-bratislava-udrzatelny-rozvoj-mesta\/#breadcrumb"},"inLanguage":"en-US","potentialAction":[{"@type":"ReadAction","target":["https:\/\/bratislava2030.sk\/pozvanka-vystava-buducnost-bratislava-udrzatelny-rozvoj-mesta\/"]}]},{"@type":"BreadcrumbList","@id":"https:\/\/bratislava2030.sk\/pozvanka-vystava-buducnost-bratislava-udrzatelny-rozvoj-mesta\/#breadcrumb","itemListElement":[{"@type":"ListItem","position":1,"name":"Home","item":"https:\/\/bratislava2030.sk\/"},{"@type":"ListItem","position":2,"name":"POZV\u00c1NKA NA V\u00ddSTAVU: O\u00a0bud\u00facnosti Bratislavy a\u00a0udr\u017eate\u013enom rozvoji mesta"}]},{"@type":"WebSite","@id":"https:\/\/bratislava2030.sk\/#website","url":"https:\/\/bratislava2030.sk\/","name":"Bratislava 2030","description":"Bratislava 2030 pos\u00fava hlavn\u00e9 mesto Slovenska do \u010fal\u0161ieho desa\u0165ro\u010dia","potentialAction":[{"@type":"SearchAction","target":{"@type":"EntryPoint","urlTemplate":"https:\/\/bratislava2030.sk\/?s={search_term_string}"},"query-input":"required name=search_term_string"}],"inLanguage":"en-US"},{"@type":"Person","@id":"https:\/\/bratislava2030.sk\/#\/schema\/person\/ce52a3b8325e876459ea2dbe2d5698ee","name":"T\u00edm Bratislava 2030","image":{"@type":"ImageObject","inLanguage":"en-US","@id":"https:\/\/bratislava2030.sk\/#\/schema\/person\/image\/","url":"https:\/\/secure.gravatar.com\/avatar\/117de88d0adf789960aa8c30a5135f45?s=96&d=blank&r=g","contentUrl":"https:\/\/secure.gravatar.com\/avatar\/117de88d0adf789960aa8c30a5135f45?s=96&d=blank&r=g","caption":"T\u00edm Bratislava 2030"},"url":"https:\/\/bratislava2030.sk\/en\/author\/orol\/"}]}},"_links":{"self":[{"href":"https:\/\/bratislava2030.sk\/en\/wp-json\/wp\/v2\/posts\/1886"}],"collection":[{"href":"https:\/\/bratislava2030.sk\/en\/wp-json\/wp\/v2\/posts"}],"about":[{"href":"https:\/\/bratislava2030.sk\/en\/wp-json\/wp\/v2\/types\/post"}],"author":[{"embeddable":true,"href":"https:\/\/bratislava2030.sk\/en\/wp-json\/wp\/v2\/users\/1"}],"replies":[{"embeddable":true,"href":"https:\/\/bratislava2030.sk\/en\/wp-json\/wp\/v2\/comments?post=1886"}],"version-history":[{"count":8,"href":"https:\/\/bratislava2030.sk\/en\/wp-json\/wp\/v2\/posts\/1886\/revisions"}],"predecessor-version":[{"id":1898,"href":"https:\/\/bratislava2030.sk\/en\/wp-json\/wp\/v2\/posts\/1886\/revisions\/1898"}],"wp:featuredmedia":[{"embeddable":true,"href":"https:\/\/bratislava2030.sk\/en\/wp-json\/wp\/v2\/media\/1892"}],"wp:attachment":[{"href":"https:\/\/bratislava2030.sk\/en\/wp-json\/wp\/v2\/media?parent=1886"}],"wp:term":[{"taxonomy":"category","embeddable":true,"href":"https:\/\/bratislava2030.sk\/en\/wp-json\/wp\/v2\/categories?post=1886"},{"taxonomy":"post_tag","embeddable":true,"href":"https:\/\/bratislava2030.sk\/en\/wp-json\/wp\/v2\/tags?post=1886"}],"curies":[{"name":"wp","href":"https:\/\/api.w.org\/{rel}","templated":true}]}}