{"id":262,"date":"2020-05-06T16:03:53","date_gmt":"2020-05-06T14:03:53","guid":{"rendered":"https:\/\/bratislava2030.sk\/?p=262"},"modified":"2021-09-23T16:15:29","modified_gmt":"2021-09-23T14:15:29","slug":"druhe-metropolitne-forum-rozoberalo-dopad-na-kulturu-v-case-pandemie","status":"publish","type":"post","link":"https:\/\/bratislava2030.sk\/en\/druhe-metropolitne-forum-rozoberalo-dopad-na-kulturu-v-case-pandemie\/","title":{"rendered":"Metropolitan Forum II"},"content":{"rendered":"[et_pb_section fb_built=&#8220;1&#8243; admin_label=&#8220;section&#8220; _builder_version=&#8220;3.22&#8243; global_colors_info=&#8220;{}&#8220;][et_pb_row admin_label=&#8220;row&#8220; _builder_version=&#8220;3.25&#8243; background_size=&#8220;initial&#8220; background_position=&#8220;top_left&#8220; background_repeat=&#8220;repeat&#8220; global_colors_info=&#8220;{}&#8220;][et_pb_column type=&#8220;4_4&#8243; _builder_version=&#8220;3.25&#8243; custom_padding=&#8220;|||&#8220; global_colors_info=&#8220;{}&#8220; custom_padding__hover=&#8220;|||&#8220;][et_pb_text admin_label=&#8220;Text&#8220; _builder_version=&#8220;3.27.4&#8243; background_size=&#8220;initial&#8220; background_position=&#8220;top_left&#8220; background_repeat=&#8220;repeat&#8220; global_colors_info=&#8220;{}&#8220;]\n<p>Aj napriek aktu\u00e1lnej situ\u00e1cii st\u00e1le pracujeme na strat\u00e9gii Bratislava 2030. Metropolitn\u00e9 f\u00f3rum II (29.4.) sa premiestnilo do virtu\u00e1lneho priestoru a so z\u00e1stupcami a\u00a0z\u00e1stupky\u0148ami z verejn\u00e9ho, s\u00fakromn\u00e9ho a mimovl\u00e1dneho sektoru sme sa zamerali na oblas\u0165 kult\u00fary, \u0161kolstva a\u00a0soci\u00e1lnych slu\u017eieb.<\/p>\n\n\n\n<p>Pand\u00e9mia iba zv\u00fdraz\u0148uje potrebu posilni\u0165 soci\u00e1lne&nbsp;politiky, preto bola s\u00fa\u010das\u0165ou f\u00f3ra aj diskusia o&nbsp;tom, ako koronav\u00edrus ovplyv\u0148uje verejn\u00fd priestor mesta &#8211; ako fyzick\u00fd, tak soci\u00e1lny. Spolo\u010dn\u00e1 diskusia uk\u00e1zala, \u017ee u\u017e teraz m\u00f4\u017eeme posil\u0148ova\u0165&nbsp; existuj\u00facu infra\u0161trukt\u00faru, ktor\u00e1 n\u00e1m pom\u00e1ha zvl\u00e1dnu\u0165 n\u00e1ro\u010dn\u00e9 situ\u00e1cie \u2013 sie\u0165 komunitn\u00fdch a&nbsp;kult\u00farnych centier \u010di miestnych kni\u017en\u00edc. Pr\u00e1ve tam sa prel\u00ednaj\u00fa t\u00e9my kult\u00fary, vzdel\u00e1vania \u010di integr\u00e1cie zranite\u013en\u00fdch skup\u00edn. V&nbsp;dlhodobom poh\u013eade bude tie\u017e d\u00f4le\u017eit\u00e9 zmeni\u0165 vn\u00edmanie diskutovan\u00fdch t\u00e9m z&nbsp;poz\u00edcie oblast\u00ed, ktor\u00e9 n\u00e1s stoja financie do poz\u00edcie \u017eiv\u00fdch akt\u00e9rov rozvoja.<\/p>\n\n\n\n<p>Mesto chce vnies\u0165&nbsp;systematickos\u0165 do kult\u00farnej politiky. V\u00e4\u010d\u0161ia&nbsp;otvorenos\u0165 a spolupr\u00e1ca pom\u00f4\u017ee, aby aktivity odzrkad\u013eovali re\u00e1lne potreby&nbsp;\u200bmyslie\u0165 v kontexte celkov\u00e9ho&nbsp;rozvoja \u00fazemia\u200b.<\/p>\n\n\n\n<p>Po\u010das prezenta\u010dnej \u010dasti bola predstaven\u00e1 my\u0161lienka&nbsp; \u201eBratislavsk\u00e9ho \u0161kolstva\u201c a&nbsp;ved\u00faca oddelenia \u0161kolstva Ema Tesar\u010d\u00edkov\u00e1 na\u010drtla jeho f\u00e1zy. Zuzana Iva\u0161kov\u00e1, poveren\u00e1 ved\u00faca oddelenia kult\u00fary, predstavila k\u013e\u00fa\u010dov\u00e9 v\u00fdzvy v nastaven\u00ed kult\u00farnej politiky mesta Bratislava a reagovala aj na s\u00fa\u010dasn\u00fa situ\u00e1ciu v s\u00favislosti s COVID-19 a pripravovan\u00fdmi opatreniami v oblasti kult\u00fary. Miriam Kaniokov\u00e1 zo sekcie soci\u00e1lnych vec\u00ed predstavila aktu\u00e1lnu situ\u00e1ciu na ich sekcii a&nbsp;ako rok 2020 mal by\u0165 pozna\u010den\u00fd anga\u017eovan\u00edm vy\u0161\u0161ieho po\u010dtu akt\u00e9rov do tvorby soci\u00e1lnej politiky na \u00farovni mesta pomocou komunitn\u00e9ho pl\u00e1novania. <\/p>\n\n\n\n<p>Bratislava 2030 prin\u00e1\u0161a strategick\u00fd proces tvorby programu hospod\u00e1rskeho a soci\u00e1lneho rozvoja, do ktor\u00e9ho chceme zapoji\u0165 bratislavsk\u00fdch odborn\u00edkov\u00a0 a\u00a0odborn\u00ed\u010dky prostredn\u00edctvom Metropolitn\u00e9ho f\u00f3ra. To sa stane d\u00f4le\u017eitou platformou pre diskusiu a\u00a0mapovanie n\u00e1zorov odbornej verejnosti.<\/p>\n\n\n\n<hr class=\"wp-block-separator\"\/>\n\n\n\n<p>Program Metropolitn\u00e9ho f\u00f3ra II: <br>(<a rel=\"noreferrer noopener\" href=\"http:\/\/bratislava2030.sk\/wp-content\/uploads\/2020\/04\/Metropolitne_forum_dva_.pdf\" target=\"_blank\">pdf<\/a>)<\/p>\n\n\n\n<p>Videoz\u00e1znam: <\/p>\n\n\n\n<figure class=\"wp-block-embed is-type-video is-provider-youtube wp-block-embed-youtube wp-embed-aspect-16-9 wp-has-aspect-ratio\"><div class=\"wp-block-embed__wrapper\">\n<iframe loading=\"lazy\" title=\"Metropolitan Forum II\" width=\"1080\" height=\"608\" src=\"https:\/\/www.youtube.com\/embed\/Ey0y6VrChfc?feature=oembed\"  allow=\"accelerometer; autoplay; clipboard-write; encrypted-media; gyroscope; picture-in-picture\" allowfullscreen><\/iframe>\n<\/div><\/figure>\n\n\n\n<p>Gal\u00e9ria: <\/p>\n\n\n\n<figure class=\"wp-block-gallery columns-3 is-cropped wp-block-gallery-1 is-layout-flex\"><ul class=\"blocks-gallery-grid\"><li class=\"blocks-gallery-item\"><figure><a href=\"http:\/\/bratislava2030.sk\/wp-content\/uploads\/2020\/05\/fb1-scaled.jpg\"><img decoding=\"async\" loading=\"lazy\" width=\"1024\" height=\"683\" src=\"http:\/\/bratislava2030.sk\/wp-content\/uploads\/2020\/05\/fb1-1024x683.jpg\" alt=\"\" data-id=\"263\" data-full-url=\"http:\/\/bratislava2030.sk\/wp-content\/uploads\/2020\/05\/fb1-scaled.jpg\" data-link=\"https:\/\/bratislava2030.sk\/?attachment_id=263\" class=\"wp-image-263\" srcset=\"https:\/\/bratislava2030.sk\/wp-content\/uploads\/2020\/05\/fb1-1024x683.jpg 1024w, https:\/\/bratislava2030.sk\/wp-content\/uploads\/2020\/05\/fb1-300x200.jpg 300w, https:\/\/bratislava2030.sk\/wp-content\/uploads\/2020\/05\/fb1-768x512.jpg 768w, https:\/\/bratislava2030.sk\/wp-content\/uploads\/2020\/05\/fb1-1536x1024.jpg 1536w, https:\/\/bratislava2030.sk\/wp-content\/uploads\/2020\/05\/fb1-2048x1365.jpg 2048w\" sizes=\"(max-width: 1024px) 100vw, 1024px\" \/><\/a><\/figure><\/li><li class=\"blocks-gallery-item\"><figure><a href=\"http:\/\/bratislava2030.sk\/wp-content\/uploads\/2020\/05\/fb2-scaled.jpg\"><img decoding=\"async\" loading=\"lazy\" width=\"1024\" height=\"683\" src=\"http:\/\/bratislava2030.sk\/wp-content\/uploads\/2020\/05\/fb2-1024x683.jpg\" alt=\"\" data-id=\"264\" data-full-url=\"http:\/\/bratislava2030.sk\/wp-content\/uploads\/2020\/05\/fb2-scaled.jpg\" data-link=\"https:\/\/bratislava2030.sk\/?attachment_id=264\" class=\"wp-image-264\" srcset=\"https:\/\/bratislava2030.sk\/wp-content\/uploads\/2020\/05\/fb2-1024x683.jpg 1024w, https:\/\/bratislava2030.sk\/wp-content\/uploads\/2020\/05\/fb2-300x200.jpg 300w, https:\/\/bratislava2030.sk\/wp-content\/uploads\/2020\/05\/fb2-768x512.jpg 768w, https:\/\/bratislava2030.sk\/wp-content\/uploads\/2020\/05\/fb2-1536x1024.jpg 1536w, https:\/\/bratislava2030.sk\/wp-content\/uploads\/2020\/05\/fb2-2048x1365.jpg 2048w\" sizes=\"(max-width: 1024px) 100vw, 1024px\" \/><\/a><\/figure><\/li><li class=\"blocks-gallery-item\"><figure><a href=\"http:\/\/bratislava2030.sk\/wp-content\/uploads\/2020\/05\/fb3-scaled.jpg\"><img decoding=\"async\" loading=\"lazy\" width=\"683\" height=\"1024\" src=\"http:\/\/bratislava2030.sk\/wp-content\/uploads\/2020\/05\/fb3-683x1024.jpg\" alt=\"\" data-id=\"265\" data-full-url=\"http:\/\/bratislava2030.sk\/wp-content\/uploads\/2020\/05\/fb3-scaled.jpg\" data-link=\"https:\/\/bratislava2030.sk\/?attachment_id=265\" class=\"wp-image-265\" srcset=\"https:\/\/bratislava2030.sk\/wp-content\/uploads\/2020\/05\/fb3-683x1024.jpg 683w, https:\/\/bratislava2030.sk\/wp-content\/uploads\/2020\/05\/fb3-200x300.jpg 200w, https:\/\/bratislava2030.sk\/wp-content\/uploads\/2020\/05\/fb3-768x1152.jpg 768w, https:\/\/bratislava2030.sk\/wp-content\/uploads\/2020\/05\/fb3-1024x1536.jpg 1024w, https:\/\/bratislava2030.sk\/wp-content\/uploads\/2020\/05\/fb3-1365x2048.jpg 1365w, https:\/\/bratislava2030.sk\/wp-content\/uploads\/2020\/05\/fb3-scaled.jpg 1707w\" sizes=\"(max-width: 683px) 100vw, 683px\" \/><\/a><\/figure><\/li><li class=\"blocks-gallery-item\"><figure><a href=\"http:\/\/bratislava2030.sk\/wp-content\/uploads\/2020\/05\/fb4-scaled.jpg\"><img decoding=\"async\" loading=\"lazy\" width=\"683\" height=\"1024\" src=\"http:\/\/bratislava2030.sk\/wp-content\/uploads\/2020\/05\/fb4-683x1024.jpg\" alt=\"\" data-id=\"266\" data-full-url=\"http:\/\/bratislava2030.sk\/wp-content\/uploads\/2020\/05\/fb4-scaled.jpg\" data-link=\"https:\/\/bratislava2030.sk\/?attachment_id=266\" class=\"wp-image-266\" srcset=\"https:\/\/bratislava2030.sk\/wp-content\/uploads\/2020\/05\/fb4-683x1024.jpg 683w, https:\/\/bratislava2030.sk\/wp-content\/uploads\/2020\/05\/fb4-200x300.jpg 200w, https:\/\/bratislava2030.sk\/wp-content\/uploads\/2020\/05\/fb4-768x1152.jpg 768w, https:\/\/bratislava2030.sk\/wp-content\/uploads\/2020\/05\/fb4-1024x1536.jpg 1024w, https:\/\/bratislava2030.sk\/wp-content\/uploads\/2020\/05\/fb4-1365x2048.jpg 1365w, https:\/\/bratislava2030.sk\/wp-content\/uploads\/2020\/05\/fb4-scaled.jpg 1707w\" sizes=\"(max-width: 683px) 100vw, 683px\" \/><\/a><\/figure><\/li><li class=\"blocks-gallery-item\"><figure><a href=\"http:\/\/bratislava2030.sk\/wp-content\/uploads\/2020\/05\/fb5-scaled.jpg\"><img decoding=\"async\" loading=\"lazy\" width=\"683\" height=\"1024\" src=\"http:\/\/bratislava2030.sk\/wp-content\/uploads\/2020\/05\/fb5-683x1024.jpg\" alt=\"\" data-id=\"268\" data-full-url=\"http:\/\/bratislava2030.sk\/wp-content\/uploads\/2020\/05\/fb5-scaled.jpg\" data-link=\"https:\/\/bratislava2030.sk\/?attachment_id=268\" class=\"wp-image-268\" srcset=\"https:\/\/bratislava2030.sk\/wp-content\/uploads\/2020\/05\/fb5-683x1024.jpg 683w, https:\/\/bratislava2030.sk\/wp-content\/uploads\/2020\/05\/fb5-200x300.jpg 200w, https:\/\/bratislava2030.sk\/wp-content\/uploads\/2020\/05\/fb5-768x1152.jpg 768w, https:\/\/bratislava2030.sk\/wp-content\/uploads\/2020\/05\/fb5-1024x1536.jpg 1024w, https:\/\/bratislava2030.sk\/wp-content\/uploads\/2020\/05\/fb5-1365x2048.jpg 1365w, https:\/\/bratislava2030.sk\/wp-content\/uploads\/2020\/05\/fb5-scaled.jpg 1707w\" sizes=\"(max-width: 683px) 100vw, 683px\" \/><\/a><\/figure><\/li><li class=\"blocks-gallery-item\"><figure><a href=\"http:\/\/bratislava2030.sk\/wp-content\/uploads\/2020\/05\/fb6-scaled.jpg\"><img decoding=\"async\" loading=\"lazy\" width=\"683\" height=\"1024\" src=\"http:\/\/bratislava2030.sk\/wp-content\/uploads\/2020\/05\/fb6-683x1024.jpg\" alt=\"\" data-id=\"269\" data-full-url=\"http:\/\/bratislava2030.sk\/wp-content\/uploads\/2020\/05\/fb6-scaled.jpg\" data-link=\"https:\/\/bratislava2030.sk\/?attachment_id=269\" class=\"wp-image-269\" srcset=\"https:\/\/bratislava2030.sk\/wp-content\/uploads\/2020\/05\/fb6-683x1024.jpg 683w, https:\/\/bratislava2030.sk\/wp-content\/uploads\/2020\/05\/fb6-200x300.jpg 200w, https:\/\/bratislava2030.sk\/wp-content\/uploads\/2020\/05\/fb6-768x1152.jpg 768w, https:\/\/bratislava2030.sk\/wp-content\/uploads\/2020\/05\/fb6-1024x1536.jpg 1024w, https:\/\/bratislava2030.sk\/wp-content\/uploads\/2020\/05\/fb6-1365x2048.jpg 1365w, https:\/\/bratislava2030.sk\/wp-content\/uploads\/2020\/05\/fb6-scaled.jpg 1707w\" sizes=\"(max-width: 683px) 100vw, 683px\" \/><\/a><\/figure><\/li><li class=\"blocks-gallery-item\"><figure><a href=\"http:\/\/bratislava2030.sk\/wp-content\/uploads\/2020\/05\/fb7-scaled.jpg\"><img decoding=\"async\" loading=\"lazy\" width=\"1024\" height=\"683\" src=\"http:\/\/bratislava2030.sk\/wp-content\/uploads\/2020\/05\/fb7-1024x683.jpg\" alt=\"\" data-id=\"270\" data-full-url=\"http:\/\/bratislava2030.sk\/wp-content\/uploads\/2020\/05\/fb7-scaled.jpg\" data-link=\"https:\/\/bratislava2030.sk\/?attachment_id=270\" class=\"wp-image-270\" srcset=\"https:\/\/bratislava2030.sk\/wp-content\/uploads\/2020\/05\/fb7-1024x683.jpg 1024w, https:\/\/bratislava2030.sk\/wp-content\/uploads\/2020\/05\/fb7-300x200.jpg 300w, https:\/\/bratislava2030.sk\/wp-content\/uploads\/2020\/05\/fb7-768x512.jpg 768w, https:\/\/bratislava2030.sk\/wp-content\/uploads\/2020\/05\/fb7-1536x1024.jpg 1536w, https:\/\/bratislava2030.sk\/wp-content\/uploads\/2020\/05\/fb7-2048x1365.jpg 2048w\" sizes=\"(max-width: 1024px) 100vw, 1024px\" \/><\/a><\/figure><\/li><li class=\"blocks-gallery-item\"><figure><a href=\"http:\/\/bratislava2030.sk\/wp-content\/uploads\/2020\/05\/fb8-scaled.jpg\"><img decoding=\"async\" loading=\"lazy\" width=\"683\" height=\"1024\" src=\"http:\/\/bratislava2030.sk\/wp-content\/uploads\/2020\/05\/fb8-683x1024.jpg\" alt=\"\" data-id=\"271\" data-full-url=\"http:\/\/bratislava2030.sk\/wp-content\/uploads\/2020\/05\/fb8-scaled.jpg\" data-link=\"https:\/\/bratislava2030.sk\/?attachment_id=271\" class=\"wp-image-271\" srcset=\"https:\/\/bratislava2030.sk\/wp-content\/uploads\/2020\/05\/fb8-683x1024.jpg 683w, https:\/\/bratislava2030.sk\/wp-content\/uploads\/2020\/05\/fb8-200x300.jpg 200w, https:\/\/bratislava2030.sk\/wp-content\/uploads\/2020\/05\/fb8-768x1152.jpg 768w, https:\/\/bratislava2030.sk\/wp-content\/uploads\/2020\/05\/fb8-1024x1536.jpg 1024w, https:\/\/bratislava2030.sk\/wp-content\/uploads\/2020\/05\/fb8-1365x2048.jpg 1365w, https:\/\/bratislava2030.sk\/wp-content\/uploads\/2020\/05\/fb8-scaled.jpg 1707w\" sizes=\"(max-width: 683px) 100vw, 683px\" \/><\/a><\/figure><\/li><li class=\"blocks-gallery-item\"><figure><a href=\"http:\/\/bratislava2030.sk\/wp-content\/uploads\/2020\/05\/fb9-scaled.jpg\"><img decoding=\"async\" loading=\"lazy\" width=\"683\" height=\"1024\" src=\"http:\/\/bratislava2030.sk\/wp-content\/uploads\/2020\/05\/fb9-683x1024.jpg\" alt=\"\" data-id=\"272\" data-full-url=\"http:\/\/bratislava2030.sk\/wp-content\/uploads\/2020\/05\/fb9-scaled.jpg\" data-link=\"https:\/\/bratislava2030.sk\/?attachment_id=272\" class=\"wp-image-272\" srcset=\"https:\/\/bratislava2030.sk\/wp-content\/uploads\/2020\/05\/fb9-683x1024.jpg 683w, https:\/\/bratislava2030.sk\/wp-content\/uploads\/2020\/05\/fb9-200x300.jpg 200w, https:\/\/bratislava2030.sk\/wp-content\/uploads\/2020\/05\/fb9-768x1152.jpg 768w, https:\/\/bratislava2030.sk\/wp-content\/uploads\/2020\/05\/fb9-1024x1536.jpg 1024w, https:\/\/bratislava2030.sk\/wp-content\/uploads\/2020\/05\/fb9-1365x2048.jpg 1365w, https:\/\/bratislava2030.sk\/wp-content\/uploads\/2020\/05\/fb9-scaled.jpg 1707w\" sizes=\"(max-width: 683px) 100vw, 683px\" \/><\/a><\/figure><\/li><li class=\"blocks-gallery-item\"><figure><a href=\"http:\/\/bratislava2030.sk\/wp-content\/uploads\/2020\/05\/fb10-scaled.jpg\"><img decoding=\"async\" loading=\"lazy\" width=\"1024\" height=\"683\" src=\"http:\/\/bratislava2030.sk\/wp-content\/uploads\/2020\/05\/fb10-1024x683.jpg\" alt=\"\" data-id=\"273\" data-full-url=\"http:\/\/bratislava2030.sk\/wp-content\/uploads\/2020\/05\/fb10-scaled.jpg\" data-link=\"https:\/\/bratislava2030.sk\/?attachment_id=273\" class=\"wp-image-273\" srcset=\"https:\/\/bratislava2030.sk\/wp-content\/uploads\/2020\/05\/fb10-1024x683.jpg 1024w, https:\/\/bratislava2030.sk\/wp-content\/uploads\/2020\/05\/fb10-300x200.jpg 300w, https:\/\/bratislava2030.sk\/wp-content\/uploads\/2020\/05\/fb10-768x512.jpg 768w, https:\/\/bratislava2030.sk\/wp-content\/uploads\/2020\/05\/fb10-1536x1024.jpg 1536w, https:\/\/bratislava2030.sk\/wp-content\/uploads\/2020\/05\/fb10-2048x1365.jpg 2048w\" sizes=\"(max-width: 1024px) 100vw, 1024px\" \/><\/a><\/figure><\/li><li class=\"blocks-gallery-item\"><figure><a href=\"http:\/\/bratislava2030.sk\/wp-content\/uploads\/2020\/05\/IMG_5884-scaled.jpg\"><img decoding=\"async\" loading=\"lazy\" width=\"1024\" height=\"683\" src=\"http:\/\/bratislava2030.sk\/wp-content\/uploads\/2020\/05\/IMG_5884-1024x683.jpg\" alt=\"\" data-id=\"274\" data-full-url=\"http:\/\/bratislava2030.sk\/wp-content\/uploads\/2020\/05\/IMG_5884-scaled.jpg\" data-link=\"https:\/\/bratislava2030.sk\/?attachment_id=274\" class=\"wp-image-274\" srcset=\"https:\/\/bratislava2030.sk\/wp-content\/uploads\/2020\/05\/IMG_5884-1024x683.jpg 1024w, https:\/\/bratislava2030.sk\/wp-content\/uploads\/2020\/05\/IMG_5884-300x200.jpg 300w, https:\/\/bratislava2030.sk\/wp-content\/uploads\/2020\/05\/IMG_5884-768x512.jpg 768w, https:\/\/bratislava2030.sk\/wp-content\/uploads\/2020\/05\/IMG_5884-1536x1024.jpg 1536w, https:\/\/bratislava2030.sk\/wp-content\/uploads\/2020\/05\/IMG_5884-2048x1365.jpg 2048w\" sizes=\"(max-width: 1024px) 100vw, 1024px\" \/><\/a><\/figure><\/li><\/ul><\/figure>\n\n\n\n<div class=\"wp-block-buttons is-layout-flex\">\n<div class=\"wp-block-button\"><a class=\"wp-block-button__link\" href=\"https:\/\/bratislava2030.sk\/en\/metropolitne-forum\/dokumenty\/\">Documents<\/a><\/div>\n<\/div>\n[\/et_pb_text][\/et_pb_column][\/et_pb_row][\/et_pb_section]","protected":false},"excerpt":{"rendered":"<p>Druh\u00e9 Metropolitn\u00e9 f\u00f3rum rozoberalo spolo\u010densk\u00fd priestor Bratislavy<\/p>","protected":false},"author":1,"featured_media":264,"comment_status":"open","ping_status":"open","sticky":false,"template":"","format":"standard","meta":{"_et_pb_use_builder":"on","_et_pb_old_content":"<!-- wp:paragraph -->\n<p>Aj napriek aktu\u00e1lnej situ\u00e1cii st\u00e1le pracujeme na strat\u00e9gii Bratislava 2030. Metropolitn\u00e9 f\u00f3rum II (29.4.) sa premiestnilo do virtu\u00e1lneho priestoru a so z\u00e1stupcami a\u00a0z\u00e1stupky\u0148ami z verejn\u00e9ho, s\u00fakromn\u00e9ho a mimovl\u00e1dneho sektoru sme sa zamerali na oblas\u0165 kult\u00fary, \u0161kolstva a\u00a0soci\u00e1lnych slu\u017eieb.<\/p>\n<!-- \/wp:paragraph -->\n\n<!-- wp:paragraph -->\n<p>Pand\u00e9mia iba zv\u00fdraz\u0148uje potrebu posilni\u0165 soci\u00e1lne&nbsp;politiky, preto bola s\u00fa\u010das\u0165ou f\u00f3ra aj diskusia o&nbsp;tom, ako koronav\u00edrus ovplyv\u0148uje verejn\u00fd priestor mesta - ako fyzick\u00fd, tak soci\u00e1lny. Spolo\u010dn\u00e1 diskusia uk\u00e1zala, \u017ee u\u017e teraz m\u00f4\u017eeme posil\u0148ova\u0165&nbsp; existuj\u00facu infra\u0161trukt\u00faru, ktor\u00e1 n\u00e1m pom\u00e1ha zvl\u00e1dnu\u0165 n\u00e1ro\u010dn\u00e9 situ\u00e1cie \u2013 sie\u0165 komunitn\u00fdch a&nbsp;kult\u00farnych centier \u010di miestnych kni\u017en\u00edc. Pr\u00e1ve tam sa prel\u00ednaj\u00fa t\u00e9my kult\u00fary, vzdel\u00e1vania \u010di integr\u00e1cie zranite\u013en\u00fdch skup\u00edn. V&nbsp;dlhodobom poh\u013eade bude tie\u017e d\u00f4le\u017eit\u00e9 zmeni\u0165 vn\u00edmanie diskutovan\u00fdch t\u00e9m z&nbsp;poz\u00edcie oblast\u00ed, ktor\u00e9 n\u00e1s stoja financie do poz\u00edcie \u017eiv\u00fdch akt\u00e9rov rozvoja.<\/p>\n<!-- \/wp:paragraph -->\n\n<!-- wp:paragraph -->\n<p>Mesto chce vnies\u0165&nbsp;systematickos\u0165 do kult\u00farnej politiky. V\u00e4\u010d\u0161ia&nbsp;otvorenos\u0165 a spolupr\u00e1ca pom\u00f4\u017ee, aby aktivity odzrkad\u013eovali re\u00e1lne potreby&nbsp;\u200bmyslie\u0165 v kontexte celkov\u00e9ho&nbsp;rozvoja \u00fazemia\u200b.<\/p>\n<!-- \/wp:paragraph -->\n\n<!-- wp:paragraph -->\n<p>Po\u010das prezenta\u010dnej \u010dasti bola predstaven\u00e1 my\u0161lienka&nbsp; \u201eBratislavsk\u00e9ho \u0161kolstva\u201c a&nbsp;ved\u00faca oddelenia \u0161kolstva Ema Tesar\u010d\u00edkov\u00e1 na\u010drtla jeho f\u00e1zy. Zuzana Iva\u0161kov\u00e1, poveren\u00e1 ved\u00faca oddelenia kult\u00fary, predstavila k\u013e\u00fa\u010dov\u00e9 v\u00fdzvy v nastaven\u00ed kult\u00farnej politiky mesta Bratislava a reagovala aj na s\u00fa\u010dasn\u00fa situ\u00e1ciu v s\u00favislosti s COVID-19 a pripravovan\u00fdmi opatreniami v oblasti kult\u00fary. Miriam Kaniokov\u00e1 zo sekcie soci\u00e1lnych vec\u00ed predstavila aktu\u00e1lnu situ\u00e1ciu na ich sekcii a&nbsp;ako rok 2020 mal by\u0165 pozna\u010den\u00fd anga\u017eovan\u00edm vy\u0161\u0161ieho po\u010dtu akt\u00e9rov do tvorby soci\u00e1lnej politiky na \u00farovni mesta pomocou komunitn\u00e9ho pl\u00e1novania. <\/p>\n<!-- \/wp:paragraph -->\n\n<!-- wp:paragraph -->\n<p>Bratislava 2030 prin\u00e1\u0161a strategick\u00fd proces tvorby programu hospod\u00e1rskeho a soci\u00e1lneho rozvoja, do ktor\u00e9ho chceme zapoji\u0165 bratislavsk\u00fdch odborn\u00edkov\u00a0 a\u00a0odborn\u00ed\u010dky prostredn\u00edctvom Metropolitn\u00e9ho f\u00f3ra. To sa stane d\u00f4le\u017eitou platformou pre diskusiu a\u00a0mapovanie n\u00e1zorov odbornej verejnosti.<\/p>\n<!-- \/wp:paragraph -->\n\n<!-- wp:separator -->\n<hr class=\"wp-block-separator\"\/>\n<!-- \/wp:separator -->\n\n<!-- wp:paragraph -->\n<p>Program Metropolitn\u00e9ho f\u00f3ra II: <br>(<a rel=\"noreferrer noopener\" href=\"http:\/\/bratislava2030.sk\/wp-content\/uploads\/2020\/04\/Metropolitne_forum_dva_.pdf\" target=\"_blank\">pdf<\/a>)<\/p>\n<!-- \/wp:paragraph -->\n\n<!-- wp:paragraph -->\n<p>Videoz\u00e1znam: <\/p>\n<!-- \/wp:paragraph -->\n\n<!-- wp:embed {\"url\":\"https:\/\/youtu.be\/Ey0y6VrChfc\",\"type\":\"video\",\"providerNameSlug\":\"youtube\",\"responsive\":true,\"className\":\"wp-embed-aspect-16-9 wp-has-aspect-ratio\"} -->\n<figure class=\"wp-block-embed is-type-video is-provider-youtube wp-block-embed-youtube wp-embed-aspect-16-9 wp-has-aspect-ratio\"><div class=\"wp-block-embed__wrapper\">\nhttps:\/\/youtu.be\/Ey0y6VrChfc\n<\/div><\/figure>\n<!-- \/wp:embed -->\n\n<!-- wp:paragraph -->\n<p>Gal\u00e9ria: <\/p>\n<!-- \/wp:paragraph -->\n\n<!-- wp:gallery {\"ids\":[263,264,265,266,268,269,270,271,272,273,274],\"linkTo\":\"file\"} -->\n<figure class=\"wp-block-gallery columns-3 is-cropped\"><ul class=\"blocks-gallery-grid\"><li class=\"blocks-gallery-item\"><figure><a href=\"http:\/\/bratislava2030.sk\/wp-content\/uploads\/2020\/05\/fb1-scaled.jpg\"><img src=\"http:\/\/bratislava2030.sk\/wp-content\/uploads\/2020\/05\/fb1-1024x683.jpg\" alt=\"\" data-id=\"263\" data-full-url=\"http:\/\/bratislava2030.sk\/wp-content\/uploads\/2020\/05\/fb1-scaled.jpg\" data-link=\"https:\/\/bratislava2030.sk\/?attachment_id=263\" class=\"wp-image-263\"\/><\/a><\/figure><\/li><li class=\"blocks-gallery-item\"><figure><a href=\"http:\/\/bratislava2030.sk\/wp-content\/uploads\/2020\/05\/fb2-scaled.jpg\"><img src=\"http:\/\/bratislava2030.sk\/wp-content\/uploads\/2020\/05\/fb2-1024x683.jpg\" alt=\"\" data-id=\"264\" data-full-url=\"http:\/\/bratislava2030.sk\/wp-content\/uploads\/2020\/05\/fb2-scaled.jpg\" data-link=\"https:\/\/bratislava2030.sk\/?attachment_id=264\" class=\"wp-image-264\"\/><\/a><\/figure><\/li><li class=\"blocks-gallery-item\"><figure><a href=\"http:\/\/bratislava2030.sk\/wp-content\/uploads\/2020\/05\/fb3-scaled.jpg\"><img src=\"http:\/\/bratislava2030.sk\/wp-content\/uploads\/2020\/05\/fb3-683x1024.jpg\" alt=\"\" data-id=\"265\" data-full-url=\"http:\/\/bratislava2030.sk\/wp-content\/uploads\/2020\/05\/fb3-scaled.jpg\" data-link=\"https:\/\/bratislava2030.sk\/?attachment_id=265\" class=\"wp-image-265\"\/><\/a><\/figure><\/li><li class=\"blocks-gallery-item\"><figure><a href=\"http:\/\/bratislava2030.sk\/wp-content\/uploads\/2020\/05\/fb4-scaled.jpg\"><img src=\"http:\/\/bratislava2030.sk\/wp-content\/uploads\/2020\/05\/fb4-683x1024.jpg\" alt=\"\" data-id=\"266\" data-full-url=\"http:\/\/bratislava2030.sk\/wp-content\/uploads\/2020\/05\/fb4-scaled.jpg\" data-link=\"https:\/\/bratislava2030.sk\/?attachment_id=266\" class=\"wp-image-266\"\/><\/a><\/figure><\/li><li class=\"blocks-gallery-item\"><figure><a href=\"http:\/\/bratislava2030.sk\/wp-content\/uploads\/2020\/05\/fb5-scaled.jpg\"><img src=\"http:\/\/bratislava2030.sk\/wp-content\/uploads\/2020\/05\/fb5-683x1024.jpg\" alt=\"\" data-id=\"268\" data-full-url=\"http:\/\/bratislava2030.sk\/wp-content\/uploads\/2020\/05\/fb5-scaled.jpg\" data-link=\"https:\/\/bratislava2030.sk\/?attachment_id=268\" class=\"wp-image-268\"\/><\/a><\/figure><\/li><li class=\"blocks-gallery-item\"><figure><a href=\"http:\/\/bratislava2030.sk\/wp-content\/uploads\/2020\/05\/fb6-scaled.jpg\"><img src=\"http:\/\/bratislava2030.sk\/wp-content\/uploads\/2020\/05\/fb6-683x1024.jpg\" alt=\"\" data-id=\"269\" data-full-url=\"http:\/\/bratislava2030.sk\/wp-content\/uploads\/2020\/05\/fb6-scaled.jpg\" data-link=\"https:\/\/bratislava2030.sk\/?attachment_id=269\" class=\"wp-image-269\"\/><\/a><\/figure><\/li><li class=\"blocks-gallery-item\"><figure><a href=\"http:\/\/bratislava2030.sk\/wp-content\/uploads\/2020\/05\/fb7-scaled.jpg\"><img src=\"http:\/\/bratislava2030.sk\/wp-content\/uploads\/2020\/05\/fb7-1024x683.jpg\" alt=\"\" data-id=\"270\" data-full-url=\"http:\/\/bratislava2030.sk\/wp-content\/uploads\/2020\/05\/fb7-scaled.jpg\" data-link=\"https:\/\/bratislava2030.sk\/?attachment_id=270\" class=\"wp-image-270\"\/><\/a><\/figure><\/li><li class=\"blocks-gallery-item\"><figure><a href=\"http:\/\/bratislava2030.sk\/wp-content\/uploads\/2020\/05\/fb8-scaled.jpg\"><img src=\"http:\/\/bratislava2030.sk\/wp-content\/uploads\/2020\/05\/fb8-683x1024.jpg\" alt=\"\" data-id=\"271\" data-full-url=\"http:\/\/bratislava2030.sk\/wp-content\/uploads\/2020\/05\/fb8-scaled.jpg\" data-link=\"https:\/\/bratislava2030.sk\/?attachment_id=271\" class=\"wp-image-271\"\/><\/a><\/figure><\/li><li class=\"blocks-gallery-item\"><figure><a href=\"http:\/\/bratislava2030.sk\/wp-content\/uploads\/2020\/05\/fb9-scaled.jpg\"><img src=\"http:\/\/bratislava2030.sk\/wp-content\/uploads\/2020\/05\/fb9-683x1024.jpg\" alt=\"\" data-id=\"272\" data-full-url=\"http:\/\/bratislava2030.sk\/wp-content\/uploads\/2020\/05\/fb9-scaled.jpg\" data-link=\"https:\/\/bratislava2030.sk\/?attachment_id=272\" class=\"wp-image-272\"\/><\/a><\/figure><\/li><li class=\"blocks-gallery-item\"><figure><a href=\"http:\/\/bratislava2030.sk\/wp-content\/uploads\/2020\/05\/fb10-scaled.jpg\"><img src=\"http:\/\/bratislava2030.sk\/wp-content\/uploads\/2020\/05\/fb10-1024x683.jpg\" alt=\"\" data-id=\"273\" data-full-url=\"http:\/\/bratislava2030.sk\/wp-content\/uploads\/2020\/05\/fb10-scaled.jpg\" data-link=\"https:\/\/bratislava2030.sk\/?attachment_id=273\" class=\"wp-image-273\"\/><\/a><\/figure><\/li><li class=\"blocks-gallery-item\"><figure><a href=\"http:\/\/bratislava2030.sk\/wp-content\/uploads\/2020\/05\/IMG_5884-scaled.jpg\"><img src=\"http:\/\/bratislava2030.sk\/wp-content\/uploads\/2020\/05\/IMG_5884-1024x683.jpg\" alt=\"\" data-id=\"274\" data-full-url=\"http:\/\/bratislava2030.sk\/wp-content\/uploads\/2020\/05\/IMG_5884-scaled.jpg\" data-link=\"https:\/\/bratislava2030.sk\/?attachment_id=274\" class=\"wp-image-274\"\/><\/a><\/figure><\/li><\/ul><\/figure>\n<!-- \/wp:gallery -->\n\n<!-- wp:buttons -->\n<div class=\"wp-block-buttons\"><!-- wp:button -->\n<div class=\"wp-block-button\"><a class=\"wp-block-button__link\" href=\"https:\/\/bratislava2030.sk\/metropolitne-forum\/dokumenty\/\">Dokumenty<\/a><\/div>\n<!-- \/wp:button --><\/div>\n<!-- \/wp:buttons -->","_et_gb_content_width":"","inline_featured_image":false},"categories":[4],"tags":[6],"yoast_head":"<!-- This site is optimized with the Yoast SEO plugin v20.13 - https:\/\/yoast.com\/wordpress\/plugins\/seo\/ -->\n<title>Metropolitn\u00e9 f\u00f3rum II - Bratislava 2030<\/title>\n<meta name=\"robots\" content=\"index, follow, max-snippet:-1, max-image-preview:large, max-video-preview:-1\" \/>\n<link rel=\"canonical\" href=\"https:\/\/bratislava2030.sk\/en\/druhe-metropolitne-forum-rozoberalo-dopad-na-kulturu-v-case-pandemie\/\" \/>\n<meta property=\"og:locale\" content=\"en_US\" \/>\n<meta property=\"og:type\" content=\"article\" \/>\n<meta property=\"og:title\" content=\"Metropolitn\u00e9 f\u00f3rum II - Bratislava 2030\" \/>\n<meta property=\"og:description\" content=\"Druh\u00e9 Metropolitn\u00e9 f\u00f3rum rozoberalo spolo\u010densk\u00fd priestor Bratislavy\" \/>\n<meta property=\"og:url\" content=\"https:\/\/bratislava2030.sk\/en\/druhe-metropolitne-forum-rozoberalo-dopad-na-kulturu-v-case-pandemie\/\" \/>\n<meta property=\"og:site_name\" content=\"Bratislava 2030\" \/>\n<meta property=\"article:published_time\" content=\"2020-05-06T14:03:53+00:00\" \/>\n<meta property=\"article:modified_time\" content=\"2021-09-23T14:15:29+00:00\" \/>\n<meta property=\"og:image\" content=\"https:\/\/bratislava2030.sk\/wp-content\/uploads\/2020\/05\/fb2-scaled.jpg\" \/>\n\t<meta property=\"og:image:width\" content=\"2560\" \/>\n\t<meta property=\"og:image:height\" content=\"1707\" \/>\n\t<meta property=\"og:image:type\" content=\"image\/jpeg\" \/>\n<meta name=\"author\" content=\"T\u00edm Bratislava 2030\" \/>\n<meta name=\"twitter:card\" content=\"summary_large_image\" \/>\n<meta name=\"twitter:label1\" content=\"Written by\" \/>\n\t<meta name=\"twitter:data1\" content=\"T\u00edm Bratislava 2030\" \/>\n\t<meta name=\"twitter:label2\" content=\"Est. reading time\" \/>\n\t<meta name=\"twitter:data2\" content=\"4 minutes\" \/>\n<script type=\"application\/ld+json\" class=\"yoast-schema-graph\">{\"@context\":\"https:\/\/schema.org\",\"@graph\":[{\"@type\":\"WebPage\",\"@id\":\"https:\/\/bratislava2030.sk\/druhe-metropolitne-forum-rozoberalo-dopad-na-kulturu-v-case-pandemie\/\",\"url\":\"https:\/\/bratislava2030.sk\/druhe-metropolitne-forum-rozoberalo-dopad-na-kulturu-v-case-pandemie\/\",\"name\":\"Metropolitn\u00e9 f\u00f3rum II - Bratislava 2030\",\"isPartOf\":{\"@id\":\"https:\/\/bratislava2030.sk\/#website\"},\"datePublished\":\"2020-05-06T14:03:53+00:00\",\"dateModified\":\"2021-09-23T14:15:29+00:00\",\"author\":{\"@id\":\"https:\/\/bratislava2030.sk\/#\/schema\/person\/ce52a3b8325e876459ea2dbe2d5698ee\"},\"breadcrumb\":{\"@id\":\"https:\/\/bratislava2030.sk\/druhe-metropolitne-forum-rozoberalo-dopad-na-kulturu-v-case-pandemie\/#breadcrumb\"},\"inLanguage\":\"en-US\",\"potentialAction\":[{\"@type\":\"ReadAction\",\"target\":[\"https:\/\/bratislava2030.sk\/druhe-metropolitne-forum-rozoberalo-dopad-na-kulturu-v-case-pandemie\/\"]}]},{\"@type\":\"BreadcrumbList\",\"@id\":\"https:\/\/bratislava2030.sk\/druhe-metropolitne-forum-rozoberalo-dopad-na-kulturu-v-case-pandemie\/#breadcrumb\",\"itemListElement\":[{\"@type\":\"ListItem\",\"position\":1,\"name\":\"Home\",\"item\":\"https:\/\/bratislava2030.sk\/\"},{\"@type\":\"ListItem\",\"position\":2,\"name\":\"Metropolitn\u00e9 f\u00f3rum II\"}]},{\"@type\":\"WebSite\",\"@id\":\"https:\/\/bratislava2030.sk\/#website\",\"url\":\"https:\/\/bratislava2030.sk\/\",\"name\":\"Bratislava 2030\",\"description\":\"Bratislava 2030 pos\u00fava hlavn\u00e9 mesto Slovenska do \u010fal\u0161ieho desa\u0165ro\u010dia\",\"potentialAction\":[{\"@type\":\"SearchAction\",\"target\":{\"@type\":\"EntryPoint\",\"urlTemplate\":\"https:\/\/bratislava2030.sk\/?s={search_term_string}\"},\"query-input\":\"required name=search_term_string\"}],\"inLanguage\":\"en-US\"},{\"@type\":\"Person\",\"@id\":\"https:\/\/bratislava2030.sk\/#\/schema\/person\/ce52a3b8325e876459ea2dbe2d5698ee\",\"name\":\"T\u00edm Bratislava 2030\",\"image\":{\"@type\":\"ImageObject\",\"inLanguage\":\"en-US\",\"@id\":\"https:\/\/bratislava2030.sk\/#\/schema\/person\/image\/\",\"url\":\"https:\/\/secure.gravatar.com\/avatar\/117de88d0adf789960aa8c30a5135f45?s=96&d=blank&r=g\",\"contentUrl\":\"https:\/\/secure.gravatar.com\/avatar\/117de88d0adf789960aa8c30a5135f45?s=96&d=blank&r=g\",\"caption\":\"T\u00edm Bratislava 2030\"},\"url\":\"https:\/\/bratislava2030.sk\/en\/author\/orol\/\"}]}<\/script>\n<!-- \/ Yoast SEO plugin. -->","yoast_head_json":{"title":"Metropolitn\u00e9 f\u00f3rum II - Bratislava 2030","robots":{"index":"index","follow":"follow","max-snippet":"max-snippet:-1","max-image-preview":"max-image-preview:large","max-video-preview":"max-video-preview:-1"},"canonical":"https:\/\/bratislava2030.sk\/en\/druhe-metropolitne-forum-rozoberalo-dopad-na-kulturu-v-case-pandemie\/","og_locale":"en_US","og_type":"article","og_title":"Metropolitn\u00e9 f\u00f3rum II - Bratislava 2030","og_description":"Druh\u00e9 Metropolitn\u00e9 f\u00f3rum rozoberalo spolo\u010densk\u00fd priestor Bratislavy","og_url":"https:\/\/bratislava2030.sk\/en\/druhe-metropolitne-forum-rozoberalo-dopad-na-kulturu-v-case-pandemie\/","og_site_name":"Bratislava 2030","article_published_time":"2020-05-06T14:03:53+00:00","article_modified_time":"2021-09-23T14:15:29+00:00","og_image":[{"width":2560,"height":1707,"url":"https:\/\/bratislava2030.sk\/wp-content\/uploads\/2020\/05\/fb2-scaled.jpg","type":"image\/jpeg"}],"author":"T\u00edm Bratislava 2030","twitter_card":"summary_large_image","twitter_misc":{"Written by":"T\u00edm Bratislava 2030","Est. reading time":"4 minutes"},"schema":{"@context":"https:\/\/schema.org","@graph":[{"@type":"WebPage","@id":"https:\/\/bratislava2030.sk\/druhe-metropolitne-forum-rozoberalo-dopad-na-kulturu-v-case-pandemie\/","url":"https:\/\/bratislava2030.sk\/druhe-metropolitne-forum-rozoberalo-dopad-na-kulturu-v-case-pandemie\/","name":"Metropolitn\u00e9 f\u00f3rum II - Bratislava 2030","isPartOf":{"@id":"https:\/\/bratislava2030.sk\/#website"},"datePublished":"2020-05-06T14:03:53+00:00","dateModified":"2021-09-23T14:15:29+00:00","author":{"@id":"https:\/\/bratislava2030.sk\/#\/schema\/person\/ce52a3b8325e876459ea2dbe2d5698ee"},"breadcrumb":{"@id":"https:\/\/bratislava2030.sk\/druhe-metropolitne-forum-rozoberalo-dopad-na-kulturu-v-case-pandemie\/#breadcrumb"},"inLanguage":"en-US","potentialAction":[{"@type":"ReadAction","target":["https:\/\/bratislava2030.sk\/druhe-metropolitne-forum-rozoberalo-dopad-na-kulturu-v-case-pandemie\/"]}]},{"@type":"BreadcrumbList","@id":"https:\/\/bratislava2030.sk\/druhe-metropolitne-forum-rozoberalo-dopad-na-kulturu-v-case-pandemie\/#breadcrumb","itemListElement":[{"@type":"ListItem","position":1,"name":"Home","item":"https:\/\/bratislava2030.sk\/"},{"@type":"ListItem","position":2,"name":"Metropolitn\u00e9 f\u00f3rum II"}]},{"@type":"WebSite","@id":"https:\/\/bratislava2030.sk\/#website","url":"https:\/\/bratislava2030.sk\/","name":"Bratislava 2030","description":"Bratislava 2030 pos\u00fava hlavn\u00e9 mesto Slovenska do \u010fal\u0161ieho desa\u0165ro\u010dia","potentialAction":[{"@type":"SearchAction","target":{"@type":"EntryPoint","urlTemplate":"https:\/\/bratislava2030.sk\/?s={search_term_string}"},"query-input":"required name=search_term_string"}],"inLanguage":"en-US"},{"@type":"Person","@id":"https:\/\/bratislava2030.sk\/#\/schema\/person\/ce52a3b8325e876459ea2dbe2d5698ee","name":"T\u00edm Bratislava 2030","image":{"@type":"ImageObject","inLanguage":"en-US","@id":"https:\/\/bratislava2030.sk\/#\/schema\/person\/image\/","url":"https:\/\/secure.gravatar.com\/avatar\/117de88d0adf789960aa8c30a5135f45?s=96&d=blank&r=g","contentUrl":"https:\/\/secure.gravatar.com\/avatar\/117de88d0adf789960aa8c30a5135f45?s=96&d=blank&r=g","caption":"T\u00edm Bratislava 2030"},"url":"https:\/\/bratislava2030.sk\/en\/author\/orol\/"}]}},"_links":{"self":[{"href":"https:\/\/bratislava2030.sk\/en\/wp-json\/wp\/v2\/posts\/262"}],"collection":[{"href":"https:\/\/bratislava2030.sk\/en\/wp-json\/wp\/v2\/posts"}],"about":[{"href":"https:\/\/bratislava2030.sk\/en\/wp-json\/wp\/v2\/types\/post"}],"author":[{"embeddable":true,"href":"https:\/\/bratislava2030.sk\/en\/wp-json\/wp\/v2\/users\/1"}],"replies":[{"embeddable":true,"href":"https:\/\/bratislava2030.sk\/en\/wp-json\/wp\/v2\/comments?post=262"}],"version-history":[{"count":6,"href":"https:\/\/bratislava2030.sk\/en\/wp-json\/wp\/v2\/posts\/262\/revisions"}],"predecessor-version":[{"id":700,"href":"https:\/\/bratislava2030.sk\/en\/wp-json\/wp\/v2\/posts\/262\/revisions\/700"}],"wp:featuredmedia":[{"embeddable":true,"href":"https:\/\/bratislava2030.sk\/en\/wp-json\/wp\/v2\/media\/264"}],"wp:attachment":[{"href":"https:\/\/bratislava2030.sk\/en\/wp-json\/wp\/v2\/media?parent=262"}],"wp:term":[{"taxonomy":"category","embeddable":true,"href":"https:\/\/bratislava2030.sk\/en\/wp-json\/wp\/v2\/categories?post=262"},{"taxonomy":"post_tag","embeddable":true,"href":"https:\/\/bratislava2030.sk\/en\/wp-json\/wp\/v2\/tags?post=262"}],"curies":[{"name":"wp","href":"https:\/\/api.w.org\/{rel}","templated":true}]}}