{"id":316,"date":"2020-06-29T11:05:18","date_gmt":"2020-06-29T09:05:18","guid":{"rendered":"https:\/\/bratislava2030.sk\/?p=316"},"modified":"2021-09-23T16:14:58","modified_gmt":"2021-09-23T14:14:58","slug":"na-tretom-metropolitnom-fore-sme-rozoberali-ako-moze-bratislava-celit-globalnym-trendom","status":"publish","type":"post","link":"https:\/\/bratislava2030.sk\/en\/na-tretom-metropolitnom-fore-sme-rozoberali-ako-moze-bratislava-celit-globalnym-trendom\/","title":{"rendered":"Metropolitan Forum III"},"content":{"rendered":"[et_pb_section fb_built=&#8220;1&#8243; admin_label=&#8220;section&#8220; _builder_version=&#8220;3.22&#8243; global_colors_info=&#8220;{}&#8220;][et_pb_row admin_label=&#8220;row&#8220; _builder_version=&#8220;3.25&#8243; background_size=&#8220;initial&#8220; background_position=&#8220;top_left&#8220; background_repeat=&#8220;repeat&#8220; global_colors_info=&#8220;{}&#8220;][et_pb_column type=&#8220;4_4&#8243; _builder_version=&#8220;3.25&#8243; custom_padding=&#8220;|||&#8220; global_colors_info=&#8220;{}&#8220; custom_padding__hover=&#8220;|||&#8220;][et_pb_text admin_label=&#8220;Text&#8220; _builder_version=&#8220;3.27.4&#8243; background_size=&#8220;initial&#8220; background_position=&#8220;top_left&#8220; background_repeat=&#8220;repeat&#8220; global_colors_info=&#8220;{}&#8220;]\n<p>Medzi nov\u00e9 glob\u00e1lne trendy nepochybne patr\u00ed klimatick\u00e1 kr\u00edza, postupuj\u00faca digitaliz\u00e1cia a technologick\u00fd posun, starnutie a postupn\u00e1 stratifik\u00e1cia popul\u00e1cie, zmena pracovn\u00e9ho trhu a na \u00farovni miest suburbaniz\u00e1cia.<\/p>\n\n\n\n<p>Na tre\u0165om Metropolitnom f\u00f3re sme sa zaoberali ot\u00e1zkou, ak\u00fdm sp\u00f4sobom sa glob\u00e1lne megatrendy prejavuj\u00fa v \u017eivote n\u00e1\u0161ho mesta.<br>Popri nov\u00fdch trendoch Bratislava st\u00e1le z\u00e1pas\u00ed s nedostato\u010dnou kvalitou a dostupnos\u0165ou zelene, nedostatkom otvoren\u00fdch priestranstiev, nedostatkom n\u00e1jomn\u00fdch bytov, nov\u00fdmi n\u00e1rokmi na dopravu, nie v\u017edy so zos\u00faladen\u00fdmi kompetenciami a dostatkom financi\u00ed na samospr\u00e1vnej \u00farovni.<\/p>\n\n\n\n<p>T\u00fdmito t\u00e9mami host\u00ed na Metropolitnom f\u00f3re previedli odborn\u00edci z magistr\u00e1tu hlavn\u00e9ho mesta aj experti a expertky zo s\u00fakromnej \u010di vedeckej sf\u00e9ry.<\/p>\n\n\n\n<p>Richard Fil\u010d\u00e1k, ved\u00faci prognostick\u00e9ho \u00fastavu SAV hovoril o tom, ako je Eur\u00f3pa previazan\u00e1 so svetom prostredn\u00edctvom r\u00f4znych ekonomick\u00fdch a soci\u00e1lnych v\u00e4zieb, ktor\u00e9 umo\u017e\u0148uj\u00fa tok materi\u00e1lov, finan\u010dn\u00fdch zdrojov, inov\u00e1ci\u00ed, ide\u00ed, ale aj odpadov a emisi\u00ed. Rovnako o tom, ako sa zvy\u0161uje glob\u00e1lna s\u00fa\u0165a\u017e o zdroje, a z\u00e1rove\u0148 sa prejavuj\u00fa d\u00f4sledky glob\u00e1lnych javov, ak\u00fdmi s\u00fa \u00fabytok biodiverzity a zmena kl\u00edmy.<\/p>\n\n\n\n<p>Hlavn\u00fd ekon\u00f3m magistr\u00e1tu hlavn\u00e9ho mesta, Mat\u00fa\u0161 Lupt\u00e1k, t\u00e9mu megatrendov prepojil s re\u00e1lnym prostred\u00edm mesta.<\/p>\n\n\n\n<figure class=\"wp-block-gallery columns-3 is-cropped wp-block-gallery-1 is-layout-flex\"><ul class=\"blocks-gallery-grid\"><li class=\"blocks-gallery-item\"><figure><img decoding=\"async\" loading=\"lazy\" width=\"1024\" height=\"576\" src=\"http:\/\/bratislava2030.sk\/wp-content\/uploads\/2020\/06\/P6243417_metropolitne_forum_3-1024x576.jpg\" alt=\"\" data-id=\"317\" data-full-url=\"http:\/\/bratislava2030.sk\/wp-content\/uploads\/2020\/06\/P6243417_metropolitne_forum_3-scaled.jpg\" data-link=\"https:\/\/bratislava2030.sk\/?attachment_id=317\" class=\"wp-image-317\" srcset=\"https:\/\/bratislava2030.sk\/wp-content\/uploads\/2020\/06\/P6243417_metropolitne_forum_3-1024x576.jpg 1024w, https:\/\/bratislava2030.sk\/wp-content\/uploads\/2020\/06\/P6243417_metropolitne_forum_3-300x169.jpg 300w, https:\/\/bratislava2030.sk\/wp-content\/uploads\/2020\/06\/P6243417_metropolitne_forum_3-768x432.jpg 768w, https:\/\/bratislava2030.sk\/wp-content\/uploads\/2020\/06\/P6243417_metropolitne_forum_3-1536x864.jpg 1536w, https:\/\/bratislava2030.sk\/wp-content\/uploads\/2020\/06\/P6243417_metropolitne_forum_3-2048x1153.jpg 2048w\" sizes=\"(max-width: 1024px) 100vw, 1024px\" \/><\/figure><\/li><li class=\"blocks-gallery-item\"><figure><img decoding=\"async\" loading=\"lazy\" width=\"1024\" height=\"768\" src=\"http:\/\/bratislava2030.sk\/wp-content\/uploads\/2020\/06\/P6243476_metropolitne_forum_3-1024x768.jpg\" alt=\"\" data-id=\"318\" data-full-url=\"http:\/\/bratislava2030.sk\/wp-content\/uploads\/2020\/06\/P6243476_metropolitne_forum_3-scaled.jpg\" data-link=\"https:\/\/bratislava2030.sk\/?attachment_id=318\" class=\"wp-image-318\" srcset=\"https:\/\/bratislava2030.sk\/wp-content\/uploads\/2020\/06\/P6243476_metropolitne_forum_3-1024x768.jpg 1024w, https:\/\/bratislava2030.sk\/wp-content\/uploads\/2020\/06\/P6243476_metropolitne_forum_3-300x225.jpg 300w, https:\/\/bratislava2030.sk\/wp-content\/uploads\/2020\/06\/P6243476_metropolitne_forum_3-768x576.jpg 768w, https:\/\/bratislava2030.sk\/wp-content\/uploads\/2020\/06\/P6243476_metropolitne_forum_3-1536x1152.jpg 1536w, https:\/\/bratislava2030.sk\/wp-content\/uploads\/2020\/06\/P6243476_metropolitne_forum_3-2048x1536.jpg 2048w\" sizes=\"(max-width: 1024px) 100vw, 1024px\" \/><\/figure><\/li><li class=\"blocks-gallery-item\"><figure><img decoding=\"async\" loading=\"lazy\" width=\"1024\" height=\"683\" src=\"http:\/\/bratislava2030.sk\/wp-content\/uploads\/2020\/06\/P6243497_metropolitne_forum_3-1024x683.jpg\" alt=\"\" data-id=\"319\" data-full-url=\"http:\/\/bratislava2030.sk\/wp-content\/uploads\/2020\/06\/P6243497_metropolitne_forum_3-scaled.jpg\" data-link=\"https:\/\/bratislava2030.sk\/?attachment_id=319\" class=\"wp-image-319\" srcset=\"https:\/\/bratislava2030.sk\/wp-content\/uploads\/2020\/06\/P6243497_metropolitne_forum_3-1024x683.jpg 1024w, https:\/\/bratislava2030.sk\/wp-content\/uploads\/2020\/06\/P6243497_metropolitne_forum_3-300x200.jpg 300w, https:\/\/bratislava2030.sk\/wp-content\/uploads\/2020\/06\/P6243497_metropolitne_forum_3-768x512.jpg 768w, https:\/\/bratislava2030.sk\/wp-content\/uploads\/2020\/06\/P6243497_metropolitne_forum_3-1536x1024.jpg 1536w, https:\/\/bratislava2030.sk\/wp-content\/uploads\/2020\/06\/P6243497_metropolitne_forum_3-2048x1366.jpg 2048w\" sizes=\"(max-width: 1024px) 100vw, 1024px\" \/><\/figure><\/li><li class=\"blocks-gallery-item\"><figure><img decoding=\"async\" loading=\"lazy\" width=\"1024\" height=\"768\" src=\"http:\/\/bratislava2030.sk\/wp-content\/uploads\/2020\/06\/P6243509_metropolitne_forum_3-1024x768.jpg\" alt=\"\" data-id=\"320\" data-full-url=\"http:\/\/bratislava2030.sk\/wp-content\/uploads\/2020\/06\/P6243509_metropolitne_forum_3-scaled.jpg\" data-link=\"https:\/\/bratislava2030.sk\/?attachment_id=320\" class=\"wp-image-320\" srcset=\"https:\/\/bratislava2030.sk\/wp-content\/uploads\/2020\/06\/P6243509_metropolitne_forum_3-1024x768.jpg 1024w, https:\/\/bratislava2030.sk\/wp-content\/uploads\/2020\/06\/P6243509_metropolitne_forum_3-300x225.jpg 300w, https:\/\/bratislava2030.sk\/wp-content\/uploads\/2020\/06\/P6243509_metropolitne_forum_3-768x576.jpg 768w, https:\/\/bratislava2030.sk\/wp-content\/uploads\/2020\/06\/P6243509_metropolitne_forum_3-1536x1152.jpg 1536w, https:\/\/bratislava2030.sk\/wp-content\/uploads\/2020\/06\/P6243509_metropolitne_forum_3-2048x1536.jpg 2048w\" sizes=\"(max-width: 1024px) 100vw, 1024px\" \/><\/figure><\/li><li class=\"blocks-gallery-item\"><figure><img decoding=\"async\" loading=\"lazy\" width=\"1024\" height=\"768\" src=\"http:\/\/bratislava2030.sk\/wp-content\/uploads\/2020\/06\/P6243515-1024x768.jpg\" alt=\"\" data-id=\"321\" data-full-url=\"http:\/\/bratislava2030.sk\/wp-content\/uploads\/2020\/06\/P6243515-scaled.jpg\" data-link=\"https:\/\/bratislava2030.sk\/?attachment_id=321\" class=\"wp-image-321\" srcset=\"https:\/\/bratislava2030.sk\/wp-content\/uploads\/2020\/06\/P6243515-1024x768.jpg 1024w, https:\/\/bratislava2030.sk\/wp-content\/uploads\/2020\/06\/P6243515-300x225.jpg 300w, https:\/\/bratislava2030.sk\/wp-content\/uploads\/2020\/06\/P6243515-768x576.jpg 768w, https:\/\/bratislava2030.sk\/wp-content\/uploads\/2020\/06\/P6243515-1536x1152.jpg 1536w, https:\/\/bratislava2030.sk\/wp-content\/uploads\/2020\/06\/P6243515-2048x1536.jpg 2048w\" sizes=\"(max-width: 1024px) 100vw, 1024px\" \/><figcaption class=\"blocks-gallery-item__caption\"> <\/figcaption><\/figure><\/li><li class=\"blocks-gallery-item\"><figure><img decoding=\"async\" loading=\"lazy\" width=\"1024\" height=\"576\" src=\"http:\/\/bratislava2030.sk\/wp-content\/uploads\/2020\/06\/P6243537_metropolitne_forum_3-1024x576.jpg\" alt=\"\" data-id=\"322\" data-full-url=\"http:\/\/bratislava2030.sk\/wp-content\/uploads\/2020\/06\/P6243537_metropolitne_forum_3-scaled.jpg\" data-link=\"https:\/\/bratislava2030.sk\/?attachment_id=322\" class=\"wp-image-322\" srcset=\"https:\/\/bratislava2030.sk\/wp-content\/uploads\/2020\/06\/P6243537_metropolitne_forum_3-1024x576.jpg 1024w, https:\/\/bratislava2030.sk\/wp-content\/uploads\/2020\/06\/P6243537_metropolitne_forum_3-300x169.jpg 300w, https:\/\/bratislava2030.sk\/wp-content\/uploads\/2020\/06\/P6243537_metropolitne_forum_3-768x432.jpg 768w, https:\/\/bratislava2030.sk\/wp-content\/uploads\/2020\/06\/P6243537_metropolitne_forum_3-1536x864.jpg 1536w, https:\/\/bratislava2030.sk\/wp-content\/uploads\/2020\/06\/P6243537_metropolitne_forum_3-2048x1153.jpg 2048w\" sizes=\"(max-width: 1024px) 100vw, 1024px\" \/><\/figure><\/li><li class=\"blocks-gallery-item\"><figure><img decoding=\"async\" loading=\"lazy\" width=\"1024\" height=\"682\" src=\"http:\/\/bratislava2030.sk\/wp-content\/uploads\/2020\/06\/P6243560_metropolitne_forum_3-1024x682.jpg\" alt=\"\" data-id=\"323\" data-full-url=\"http:\/\/bratislava2030.sk\/wp-content\/uploads\/2020\/06\/P6243560_metropolitne_forum_3-scaled.jpg\" data-link=\"https:\/\/bratislava2030.sk\/?attachment_id=323\" class=\"wp-image-323\" srcset=\"https:\/\/bratislava2030.sk\/wp-content\/uploads\/2020\/06\/P6243560_metropolitne_forum_3-1024x682.jpg 1024w, https:\/\/bratislava2030.sk\/wp-content\/uploads\/2020\/06\/P6243560_metropolitne_forum_3-300x200.jpg 300w, https:\/\/bratislava2030.sk\/wp-content\/uploads\/2020\/06\/P6243560_metropolitne_forum_3-768x512.jpg 768w, https:\/\/bratislava2030.sk\/wp-content\/uploads\/2020\/06\/P6243560_metropolitne_forum_3-1536x1024.jpg 1536w, https:\/\/bratislava2030.sk\/wp-content\/uploads\/2020\/06\/P6243560_metropolitne_forum_3-2048x1365.jpg 2048w\" sizes=\"(max-width: 1024px) 100vw, 1024px\" \/><\/figure><\/li><li class=\"blocks-gallery-item\"><figure><img decoding=\"async\" loading=\"lazy\" width=\"1024\" height=\"768\" src=\"http:\/\/bratislava2030.sk\/wp-content\/uploads\/2020\/06\/P6243567_metropolitne_forum_3-1024x768.jpg\" alt=\"\" data-id=\"324\" data-full-url=\"http:\/\/bratislava2030.sk\/wp-content\/uploads\/2020\/06\/P6243567_metropolitne_forum_3-scaled.jpg\" data-link=\"https:\/\/bratislava2030.sk\/?attachment_id=324\" class=\"wp-image-324\" srcset=\"https:\/\/bratislava2030.sk\/wp-content\/uploads\/2020\/06\/P6243567_metropolitne_forum_3-1024x768.jpg 1024w, https:\/\/bratislava2030.sk\/wp-content\/uploads\/2020\/06\/P6243567_metropolitne_forum_3-300x225.jpg 300w, https:\/\/bratislava2030.sk\/wp-content\/uploads\/2020\/06\/P6243567_metropolitne_forum_3-768x576.jpg 768w, https:\/\/bratislava2030.sk\/wp-content\/uploads\/2020\/06\/P6243567_metropolitne_forum_3-1536x1152.jpg 1536w, https:\/\/bratislava2030.sk\/wp-content\/uploads\/2020\/06\/P6243567_metropolitne_forum_3-2048x1536.jpg 2048w\" sizes=\"(max-width: 1024px) 100vw, 1024px\" \/><\/figure><\/li><\/ul><\/figure>\n\n\n\n<figure class=\"wp-block-embed-youtube wp-block-embed is-type-video is-provider-youtube wp-embed-aspect-16-9 wp-has-aspect-ratio\"><div class=\"wp-block-embed__wrapper\">\n<iframe loading=\"lazy\" title=\"Metropolitan Forum III\" width=\"1080\" height=\"608\" src=\"https:\/\/www.youtube.com\/embed\/NDF2OTS66j8?feature=oembed\"  allow=\"accelerometer; autoplay; clipboard-write; encrypted-media; gyroscope; picture-in-picture\" allowfullscreen><\/iframe>\n<\/div><\/figure>\n\n\n\n<div class=\"wp-block-buttons is-layout-flex\">\n<div class=\"wp-block-button\"><a class=\"wp-block-button__link\" href=\"https:\/\/bratislava2030.sk\/en\/metropolitne-forum\/dokumenty\/\" target=\"_blank\" rel=\"noreferrer noopener\">Documents<\/a><\/div>\n<\/div>\n[\/et_pb_text][\/et_pb_column][\/et_pb_row][\/et_pb_section]","protected":false},"excerpt":{"rendered":"<p>Na tre\u0165om Metropolitnom f\u00f3re sme rozoberali ako m\u00f4\u017ee Bratislava \u010deli\u0165 glob\u00e1lnym trendom<\/p>","protected":false},"author":1,"featured_media":327,"comment_status":"open","ping_status":"open","sticky":false,"template":"","format":"standard","meta":{"_et_pb_use_builder":"on","_et_pb_old_content":"<!-- wp:paragraph -->\n<p>Medzi nov\u00e9 glob\u00e1lne trendy nepochybne patr\u00ed klimatick\u00e1 kr\u00edza, postupuj\u00faca digitaliz\u00e1cia a technologick\u00fd posun, starnutie a postupn\u00e1 stratifik\u00e1cia popul\u00e1cie, zmena pracovn\u00e9ho trhu a na \u00farovni miest suburbaniz\u00e1cia.<\/p>\n<!-- \/wp:paragraph -->\n\n<!-- wp:paragraph -->\n<p>Na tre\u0165om Metropolitnom f\u00f3re sme sa zaoberali ot\u00e1zkou, ak\u00fdm sp\u00f4sobom sa glob\u00e1lne megatrendy prejavuj\u00fa v \u017eivote n\u00e1\u0161ho mesta.<br>Popri nov\u00fdch trendoch Bratislava st\u00e1le z\u00e1pas\u00ed s nedostato\u010dnou kvalitou a dostupnos\u0165ou zelene, nedostatkom otvoren\u00fdch priestranstiev, nedostatkom n\u00e1jomn\u00fdch bytov, nov\u00fdmi n\u00e1rokmi na dopravu, nie v\u017edy so zos\u00faladen\u00fdmi kompetenciami a dostatkom financi\u00ed na samospr\u00e1vnej \u00farovni.<\/p>\n<!-- \/wp:paragraph -->\n\n<!-- wp:paragraph -->\n<p>T\u00fdmito t\u00e9mami host\u00ed na Metropolitnom f\u00f3re previedli odborn\u00edci z magistr\u00e1tu hlavn\u00e9ho mesta aj experti a expertky zo s\u00fakromnej \u010di vedeckej sf\u00e9ry.<\/p>\n<!-- \/wp:paragraph -->\n\n<!-- wp:paragraph -->\n<p>Richard Fil\u010d\u00e1k, ved\u00faci prognostick\u00e9ho \u00fastavu SAV hovoril o tom, ako je Eur\u00f3pa previazan\u00e1 so svetom prostredn\u00edctvom r\u00f4znych ekonomick\u00fdch a soci\u00e1lnych v\u00e4zieb, ktor\u00e9 umo\u017e\u0148uj\u00fa tok materi\u00e1lov, finan\u010dn\u00fdch zdrojov, inov\u00e1ci\u00ed, ide\u00ed, ale aj odpadov a emisi\u00ed. Rovnako o tom, ako sa zvy\u0161uje glob\u00e1lna s\u00fa\u0165a\u017e o zdroje, a z\u00e1rove\u0148 sa prejavuj\u00fa d\u00f4sledky glob\u00e1lnych javov, ak\u00fdmi s\u00fa \u00fabytok biodiverzity a zmena kl\u00edmy.<\/p>\n<!-- \/wp:paragraph -->\n\n<!-- wp:paragraph -->\n<p>Hlavn\u00fd ekon\u00f3m magistr\u00e1tu hlavn\u00e9ho mesta, Mat\u00fa\u0161 Lupt\u00e1k, t\u00e9mu megatrendov prepojil s re\u00e1lnym prostred\u00edm mesta.<\/p>\n<!-- \/wp:paragraph -->\n\n<!-- wp:gallery {\"ids\":[317,318,319,320,321,322,323,324]} -->\n<figure class=\"wp-block-gallery columns-3 is-cropped\"><ul class=\"blocks-gallery-grid\"><li class=\"blocks-gallery-item\"><figure><img src=\"http:\/\/bratislava2030.sk\/wp-content\/uploads\/2020\/06\/P6243417_metropolitne_forum_3-1024x576.jpg\" alt=\"\" data-id=\"317\" data-full-url=\"http:\/\/bratislava2030.sk\/wp-content\/uploads\/2020\/06\/P6243417_metropolitne_forum_3-scaled.jpg\" data-link=\"https:\/\/bratislava2030.sk\/?attachment_id=317\" class=\"wp-image-317\"\/><\/figure><\/li><li class=\"blocks-gallery-item\"><figure><img src=\"http:\/\/bratislava2030.sk\/wp-content\/uploads\/2020\/06\/P6243476_metropolitne_forum_3-1024x768.jpg\" alt=\"\" data-id=\"318\" data-full-url=\"http:\/\/bratislava2030.sk\/wp-content\/uploads\/2020\/06\/P6243476_metropolitne_forum_3-scaled.jpg\" data-link=\"https:\/\/bratislava2030.sk\/?attachment_id=318\" class=\"wp-image-318\"\/><\/figure><\/li><li class=\"blocks-gallery-item\"><figure><img src=\"http:\/\/bratislava2030.sk\/wp-content\/uploads\/2020\/06\/P6243497_metropolitne_forum_3-1024x683.jpg\" alt=\"\" data-id=\"319\" data-full-url=\"http:\/\/bratislava2030.sk\/wp-content\/uploads\/2020\/06\/P6243497_metropolitne_forum_3-scaled.jpg\" data-link=\"https:\/\/bratislava2030.sk\/?attachment_id=319\" class=\"wp-image-319\"\/><\/figure><\/li><li class=\"blocks-gallery-item\"><figure><img src=\"http:\/\/bratislava2030.sk\/wp-content\/uploads\/2020\/06\/P6243509_metropolitne_forum_3-1024x768.jpg\" alt=\"\" data-id=\"320\" data-full-url=\"http:\/\/bratislava2030.sk\/wp-content\/uploads\/2020\/06\/P6243509_metropolitne_forum_3-scaled.jpg\" data-link=\"https:\/\/bratislava2030.sk\/?attachment_id=320\" class=\"wp-image-320\"\/><\/figure><\/li><li class=\"blocks-gallery-item\"><figure><img src=\"http:\/\/bratislava2030.sk\/wp-content\/uploads\/2020\/06\/P6243515-1024x768.jpg\" alt=\"\" data-id=\"321\" data-full-url=\"http:\/\/bratislava2030.sk\/wp-content\/uploads\/2020\/06\/P6243515-scaled.jpg\" data-link=\"https:\/\/bratislava2030.sk\/?attachment_id=321\" class=\"wp-image-321\"\/><figcaption class=\"blocks-gallery-item__caption\"> <\/figcaption><\/figure><\/li><li class=\"blocks-gallery-item\"><figure><img src=\"http:\/\/bratislava2030.sk\/wp-content\/uploads\/2020\/06\/P6243537_metropolitne_forum_3-1024x576.jpg\" alt=\"\" data-id=\"322\" data-full-url=\"http:\/\/bratislava2030.sk\/wp-content\/uploads\/2020\/06\/P6243537_metropolitne_forum_3-scaled.jpg\" data-link=\"https:\/\/bratislava2030.sk\/?attachment_id=322\" class=\"wp-image-322\"\/><\/figure><\/li><li class=\"blocks-gallery-item\"><figure><img src=\"http:\/\/bratislava2030.sk\/wp-content\/uploads\/2020\/06\/P6243560_metropolitne_forum_3-1024x682.jpg\" alt=\"\" data-id=\"323\" data-full-url=\"http:\/\/bratislava2030.sk\/wp-content\/uploads\/2020\/06\/P6243560_metropolitne_forum_3-scaled.jpg\" data-link=\"https:\/\/bratislava2030.sk\/?attachment_id=323\" class=\"wp-image-323\"\/><\/figure><\/li><li class=\"blocks-gallery-item\"><figure><img src=\"http:\/\/bratislava2030.sk\/wp-content\/uploads\/2020\/06\/P6243567_metropolitne_forum_3-1024x768.jpg\" alt=\"\" data-id=\"324\" data-full-url=\"http:\/\/bratislava2030.sk\/wp-content\/uploads\/2020\/06\/P6243567_metropolitne_forum_3-scaled.jpg\" data-link=\"https:\/\/bratislava2030.sk\/?attachment_id=324\" class=\"wp-image-324\"\/><\/figure><\/li><\/ul><\/figure>\n<!-- \/wp:gallery -->\n\n<!-- wp:core-embed\/youtube {\"url\":\"https:\/\/www.youtube.com\/watch?v=NDF2OTS66j8u0026feature=youtu.be\",\"type\":\"video\",\"providerNameSlug\":\"youtube\",\"className\":\"wp-embed-aspect-16-9 wp-has-aspect-ratio\"} -->\n<figure class=\"wp-block-embed-youtube wp-block-embed is-type-video is-provider-youtube wp-embed-aspect-16-9 wp-has-aspect-ratio\"><div class=\"wp-block-embed__wrapper\">\nhttps:\/\/www.youtube.com\/watch?v=NDF2OTS66j8&amp;feature=youtu.be\n<\/div><\/figure>\n<!-- \/wp:core-embed\/youtube -->\n\n<!-- wp:buttons -->\n<div class=\"wp-block-buttons\"><!-- wp:button -->\n<div class=\"wp-block-button\"><a class=\"wp-block-button__link\" href=\"https:\/\/bratislava2030.sk\/metropolitne-forum\/dokumenty\/\" target=\"_blank\" rel=\"noreferrer noopener\">Dokumenty<\/a><\/div>\n<!-- \/wp:button --><\/div>\n<!-- \/wp:buttons -->","_et_gb_content_width":"","inline_featured_image":false},"categories":[4],"tags":[6],"yoast_head":"<!-- This site is optimized with the Yoast SEO plugin v20.13 - https:\/\/yoast.com\/wordpress\/plugins\/seo\/ -->\n<title>Metropolitn\u00e9 f\u00f3rum III - Bratislava 2030<\/title>\n<meta name=\"robots\" content=\"index, follow, max-snippet:-1, max-image-preview:large, max-video-preview:-1\" \/>\n<link rel=\"canonical\" href=\"https:\/\/bratislava2030.sk\/en\/na-tretom-metropolitnom-fore-sme-rozoberali-ako-moze-bratislava-celit-globalnym-trendom\/\" \/>\n<meta property=\"og:locale\" content=\"en_US\" \/>\n<meta property=\"og:type\" content=\"article\" \/>\n<meta property=\"og:title\" content=\"Metropolitn\u00e9 f\u00f3rum III - Bratislava 2030\" \/>\n<meta property=\"og:description\" content=\"Na tre\u0165om Metropolitnom f\u00f3re sme rozoberali ako m\u00f4\u017ee Bratislava \u010deli\u0165 glob\u00e1lnym trendom\" \/>\n<meta property=\"og:url\" content=\"https:\/\/bratislava2030.sk\/en\/na-tretom-metropolitnom-fore-sme-rozoberali-ako-moze-bratislava-celit-globalnym-trendom\/\" \/>\n<meta property=\"og:site_name\" content=\"Bratislava 2030\" \/>\n<meta property=\"article:published_time\" content=\"2020-06-29T09:05:18+00:00\" \/>\n<meta property=\"article:modified_time\" content=\"2021-09-23T14:14:58+00:00\" \/>\n<meta property=\"og:image\" content=\"https:\/\/bratislava2030.sk\/wp-content\/uploads\/2020\/06\/IMG_0283-scaled.jpg\" \/>\n\t<meta property=\"og:image:width\" content=\"2560\" \/>\n\t<meta property=\"og:image:height\" content=\"1437\" \/>\n\t<meta property=\"og:image:type\" content=\"image\/jpeg\" \/>\n<meta name=\"author\" content=\"T\u00edm Bratislava 2030\" \/>\n<meta name=\"twitter:card\" content=\"summary_large_image\" \/>\n<meta name=\"twitter:label1\" content=\"Written by\" \/>\n\t<meta name=\"twitter:data1\" content=\"T\u00edm Bratislava 2030\" \/>\n\t<meta name=\"twitter:label2\" content=\"Est. reading time\" \/>\n\t<meta name=\"twitter:data2\" content=\"2 minutes\" \/>\n<script type=\"application\/ld+json\" class=\"yoast-schema-graph\">{\"@context\":\"https:\/\/schema.org\",\"@graph\":[{\"@type\":\"WebPage\",\"@id\":\"https:\/\/bratislava2030.sk\/na-tretom-metropolitnom-fore-sme-rozoberali-ako-moze-bratislava-celit-globalnym-trendom\/\",\"url\":\"https:\/\/bratislava2030.sk\/na-tretom-metropolitnom-fore-sme-rozoberali-ako-moze-bratislava-celit-globalnym-trendom\/\",\"name\":\"Metropolitn\u00e9 f\u00f3rum III - Bratislava 2030\",\"isPartOf\":{\"@id\":\"https:\/\/bratislava2030.sk\/#website\"},\"datePublished\":\"2020-06-29T09:05:18+00:00\",\"dateModified\":\"2021-09-23T14:14:58+00:00\",\"author\":{\"@id\":\"https:\/\/bratislava2030.sk\/#\/schema\/person\/ce52a3b8325e876459ea2dbe2d5698ee\"},\"breadcrumb\":{\"@id\":\"https:\/\/bratislava2030.sk\/na-tretom-metropolitnom-fore-sme-rozoberali-ako-moze-bratislava-celit-globalnym-trendom\/#breadcrumb\"},\"inLanguage\":\"en-US\",\"potentialAction\":[{\"@type\":\"ReadAction\",\"target\":[\"https:\/\/bratislava2030.sk\/na-tretom-metropolitnom-fore-sme-rozoberali-ako-moze-bratislava-celit-globalnym-trendom\/\"]}]},{\"@type\":\"BreadcrumbList\",\"@id\":\"https:\/\/bratislava2030.sk\/na-tretom-metropolitnom-fore-sme-rozoberali-ako-moze-bratislava-celit-globalnym-trendom\/#breadcrumb\",\"itemListElement\":[{\"@type\":\"ListItem\",\"position\":1,\"name\":\"Home\",\"item\":\"https:\/\/bratislava2030.sk\/\"},{\"@type\":\"ListItem\",\"position\":2,\"name\":\"Metropolitn\u00e9 f\u00f3rum III\"}]},{\"@type\":\"WebSite\",\"@id\":\"https:\/\/bratislava2030.sk\/#website\",\"url\":\"https:\/\/bratislava2030.sk\/\",\"name\":\"Bratislava 2030\",\"description\":\"Bratislava 2030 pos\u00fava hlavn\u00e9 mesto Slovenska do \u010fal\u0161ieho desa\u0165ro\u010dia\",\"potentialAction\":[{\"@type\":\"SearchAction\",\"target\":{\"@type\":\"EntryPoint\",\"urlTemplate\":\"https:\/\/bratislava2030.sk\/?s={search_term_string}\"},\"query-input\":\"required name=search_term_string\"}],\"inLanguage\":\"en-US\"},{\"@type\":\"Person\",\"@id\":\"https:\/\/bratislava2030.sk\/#\/schema\/person\/ce52a3b8325e876459ea2dbe2d5698ee\",\"name\":\"T\u00edm Bratislava 2030\",\"image\":{\"@type\":\"ImageObject\",\"inLanguage\":\"en-US\",\"@id\":\"https:\/\/bratislava2030.sk\/#\/schema\/person\/image\/\",\"url\":\"https:\/\/secure.gravatar.com\/avatar\/117de88d0adf789960aa8c30a5135f45?s=96&d=blank&r=g\",\"contentUrl\":\"https:\/\/secure.gravatar.com\/avatar\/117de88d0adf789960aa8c30a5135f45?s=96&d=blank&r=g\",\"caption\":\"T\u00edm Bratislava 2030\"},\"url\":\"https:\/\/bratislava2030.sk\/en\/author\/orol\/\"}]}<\/script>\n<!-- \/ Yoast SEO plugin. -->","yoast_head_json":{"title":"Metropolitn\u00e9 f\u00f3rum III - Bratislava 2030","robots":{"index":"index","follow":"follow","max-snippet":"max-snippet:-1","max-image-preview":"max-image-preview:large","max-video-preview":"max-video-preview:-1"},"canonical":"https:\/\/bratislava2030.sk\/en\/na-tretom-metropolitnom-fore-sme-rozoberali-ako-moze-bratislava-celit-globalnym-trendom\/","og_locale":"en_US","og_type":"article","og_title":"Metropolitn\u00e9 f\u00f3rum III - Bratislava 2030","og_description":"Na tre\u0165om Metropolitnom f\u00f3re sme rozoberali ako m\u00f4\u017ee Bratislava \u010deli\u0165 glob\u00e1lnym trendom","og_url":"https:\/\/bratislava2030.sk\/en\/na-tretom-metropolitnom-fore-sme-rozoberali-ako-moze-bratislava-celit-globalnym-trendom\/","og_site_name":"Bratislava 2030","article_published_time":"2020-06-29T09:05:18+00:00","article_modified_time":"2021-09-23T14:14:58+00:00","og_image":[{"width":2560,"height":1437,"url":"https:\/\/bratislava2030.sk\/wp-content\/uploads\/2020\/06\/IMG_0283-scaled.jpg","type":"image\/jpeg"}],"author":"T\u00edm Bratislava 2030","twitter_card":"summary_large_image","twitter_misc":{"Written by":"T\u00edm Bratislava 2030","Est. reading time":"2 minutes"},"schema":{"@context":"https:\/\/schema.org","@graph":[{"@type":"WebPage","@id":"https:\/\/bratislava2030.sk\/na-tretom-metropolitnom-fore-sme-rozoberali-ako-moze-bratislava-celit-globalnym-trendom\/","url":"https:\/\/bratislava2030.sk\/na-tretom-metropolitnom-fore-sme-rozoberali-ako-moze-bratislava-celit-globalnym-trendom\/","name":"Metropolitn\u00e9 f\u00f3rum III - Bratislava 2030","isPartOf":{"@id":"https:\/\/bratislava2030.sk\/#website"},"datePublished":"2020-06-29T09:05:18+00:00","dateModified":"2021-09-23T14:14:58+00:00","author":{"@id":"https:\/\/bratislava2030.sk\/#\/schema\/person\/ce52a3b8325e876459ea2dbe2d5698ee"},"breadcrumb":{"@id":"https:\/\/bratislava2030.sk\/na-tretom-metropolitnom-fore-sme-rozoberali-ako-moze-bratislava-celit-globalnym-trendom\/#breadcrumb"},"inLanguage":"en-US","potentialAction":[{"@type":"ReadAction","target":["https:\/\/bratislava2030.sk\/na-tretom-metropolitnom-fore-sme-rozoberali-ako-moze-bratislava-celit-globalnym-trendom\/"]}]},{"@type":"BreadcrumbList","@id":"https:\/\/bratislava2030.sk\/na-tretom-metropolitnom-fore-sme-rozoberali-ako-moze-bratislava-celit-globalnym-trendom\/#breadcrumb","itemListElement":[{"@type":"ListItem","position":1,"name":"Home","item":"https:\/\/bratislava2030.sk\/"},{"@type":"ListItem","position":2,"name":"Metropolitn\u00e9 f\u00f3rum III"}]},{"@type":"WebSite","@id":"https:\/\/bratislava2030.sk\/#website","url":"https:\/\/bratislava2030.sk\/","name":"Bratislava 2030","description":"Bratislava 2030 pos\u00fava hlavn\u00e9 mesto Slovenska do \u010fal\u0161ieho desa\u0165ro\u010dia","potentialAction":[{"@type":"SearchAction","target":{"@type":"EntryPoint","urlTemplate":"https:\/\/bratislava2030.sk\/?s={search_term_string}"},"query-input":"required name=search_term_string"}],"inLanguage":"en-US"},{"@type":"Person","@id":"https:\/\/bratislava2030.sk\/#\/schema\/person\/ce52a3b8325e876459ea2dbe2d5698ee","name":"T\u00edm Bratislava 2030","image":{"@type":"ImageObject","inLanguage":"en-US","@id":"https:\/\/bratislava2030.sk\/#\/schema\/person\/image\/","url":"https:\/\/secure.gravatar.com\/avatar\/117de88d0adf789960aa8c30a5135f45?s=96&d=blank&r=g","contentUrl":"https:\/\/secure.gravatar.com\/avatar\/117de88d0adf789960aa8c30a5135f45?s=96&d=blank&r=g","caption":"T\u00edm Bratislava 2030"},"url":"https:\/\/bratislava2030.sk\/en\/author\/orol\/"}]}},"_links":{"self":[{"href":"https:\/\/bratislava2030.sk\/en\/wp-json\/wp\/v2\/posts\/316"}],"collection":[{"href":"https:\/\/bratislava2030.sk\/en\/wp-json\/wp\/v2\/posts"}],"about":[{"href":"https:\/\/bratislava2030.sk\/en\/wp-json\/wp\/v2\/types\/post"}],"author":[{"embeddable":true,"href":"https:\/\/bratislava2030.sk\/en\/wp-json\/wp\/v2\/users\/1"}],"replies":[{"embeddable":true,"href":"https:\/\/bratislava2030.sk\/en\/wp-json\/wp\/v2\/comments?post=316"}],"version-history":[{"count":6,"href":"https:\/\/bratislava2030.sk\/en\/wp-json\/wp\/v2\/posts\/316\/revisions"}],"predecessor-version":[{"id":698,"href":"https:\/\/bratislava2030.sk\/en\/wp-json\/wp\/v2\/posts\/316\/revisions\/698"}],"wp:featuredmedia":[{"embeddable":true,"href":"https:\/\/bratislava2030.sk\/en\/wp-json\/wp\/v2\/media\/327"}],"wp:attachment":[{"href":"https:\/\/bratislava2030.sk\/en\/wp-json\/wp\/v2\/media?parent=316"}],"wp:term":[{"taxonomy":"category","embeddable":true,"href":"https:\/\/bratislava2030.sk\/en\/wp-json\/wp\/v2\/categories?post=316"},{"taxonomy":"post_tag","embeddable":true,"href":"https:\/\/bratislava2030.sk\/en\/wp-json\/wp\/v2\/tags?post=316"}],"curies":[{"name":"wp","href":"https:\/\/api.w.org\/{rel}","templated":true}]}}