{"id":647,"date":"2021-09-23T11:54:24","date_gmt":"2021-09-23T09:54:24","guid":{"rendered":"https:\/\/bratislava2030.sk\/?p=647"},"modified":"2021-09-23T14:23:45","modified_gmt":"2021-09-23T12:23:45","slug":"zdrave-zelene-mesto","status":"publish","type":"post","link":"https:\/\/bratislava2030.sk\/en\/zdrave-zelene-mesto\/","title":{"rendered":"Zdrav\u00e9 zelen\u00e9 mesto"},"content":{"rendered":"[et_pb_section fb_built=&#8220;1&#8243; _builder_version=&#8220;4.10.2&#8243; _module_preset=&#8220;default&#8220; global_colors_info=&#8220;{}&#8220;][et_pb_row _builder_version=&#8220;4.10.2&#8243; _module_preset=&#8220;default&#8220; global_colors_info=&#8220;{}&#8220;][et_pb_column type=&#8220;4_4&#8243; _builder_version=&#8220;4.10.2&#8243; _module_preset=&#8220;default&#8220; global_colors_info=&#8220;{}&#8220;][et_pb_text _builder_version=&#8220;4.10.2&#8243; _module_preset=&#8220;default&#8220; text_font=&#8220;Inter||||||||&#8220; text_line_height=&#8220;150%&#8220; global_colors_info=&#8220;{}&#8220;]<h4><span>Obyvate\u013eky a\u202fobyvatelia Bratislavy u\u017e dnes poci\u0165uj\u00fa dopady klimatick\u00fdch zmien vo svojich \u017eivotoch. Extr\u00e9my po\u010dasia, ktor\u00e9 Eur\u00f3pania za\u017e\u00edvali raz za 50 rokov dnes pre\u017e\u00edvaj\u00fa dvakr\u00e1t \u010dastej\u0161ie. V pr\u00edpade ne\u010dinnosti m\u00f4\u017eeme o\u010dak\u00e1va\u0165, \u017ee do konca storo\u010dia sa bud\u00fa objavova\u0165 a\u017e 15 kr\u00e1t \u010dastej\u0161ie, \u010do si vy\u017eiada aj ve\u013ek\u00e9 \u0161kody na zdrav\u00ed aj majetku.<\/span><\/h4>[\/et_pb_text][et_pb_text _builder_version=&#8220;4.10.2&#8243; _module_preset=&#8220;default&#8220; hover_enabled=&#8220;0&#8243; global_colors_info=&#8220;{}&#8220; sticky_enabled=&#8220;0&#8243;]<p>Ak chce hlavn\u00e9 mesto zabezpe\u010di\u0165 \u010do najlep\u0161ie podmienky pre \u017eivot svojich obyvate\u013eov a chr\u00e1ni\u0165 kvalitu \u017eivotn\u00e9ho prostredia v\u202fzhor\u0161uj\u00facom sa stave klimatick\u00fdch podmienok, mus\u00ed polo\u017ei\u0165 na st\u00f4l komplexn\u00e9 a\u202fefekt\u00edvne rie\u0161enia, ktor\u00e9 bude vedie\u0165 sp\u00e4tne vyhodnocova\u0165 a\u202fadekv\u00e1tne tomu nastavova\u0165 udr\u017eate\u013en\u00e9 ciele.<\/p>\n<p>V oblasti \u017eivotn\u00e9ho prostredia je hlavnou v\u00edziou, aby bola Bratislava v\u202froku 2030 zelen\u00fdm, odoln\u00fdm a rozumn\u00fdm mestom, v\u202fktorom m\u00f4\u017eu obyvatelia vies\u0165 zdrav\u00fd \u017eivot a\u202fc\u00edti\u0165 sa bezpe\u010dne. Aby sa t\u00e1to v\u00edzia naplnila, treba urobi\u0165 postupne mno\u017estvo men\u0161\u00edch i v\u00e4\u010d\u0161\u00edch zmien s\u202fodv\u00e1\u017enymi cie\u013emi.<\/p>\n<p>Jednou z\u202famb\u00edci\u00ed je naplno vyu\u017ei\u0165 pr\u00edrodn\u00fd potenci\u00e1l Dunaja, Mal\u00fdch Karp\u00e1t, lu\u017en\u00fdch lesov a \u010fal\u0161\u00edch pr\u00edrodn\u00fdch \u00fazem\u00ed, ale aj verejn\u00fdch priestorov, ktor\u00e9 dotvoria ucelen\u00fa zeleno-modr\u00fa infra\u0161trukt\u00faru mesta.<\/p>[\/et_pb_text][et_pb_image src=&#8220;http:\/\/bratislava2030.sk\/wp-content\/uploads\/2021\/09\/20210613_194207000_iOS-scaled.jpg&#8220; _builder_version=&#8220;4.10.2&#8243; _module_preset=&#8220;default&#8220; width=&#8220;75%&#8220; max_width=&#8220;75%&#8220; module_alignment=&#8220;center&#8220; hover_enabled=&#8220;0&#8243; sticky_enabled=&#8220;0&#8243; title_text=&#8220;20210613_194207000_iOS&#8220;][\/et_pb_image][et_pb_text _builder_version=&#8220;4.10.2&#8243; _module_preset=&#8220;default&#8220; hover_enabled=&#8220;0&#8243; sticky_enabled=&#8220;0&#8243;]<p>Okrem d\u00f4sledkov zmeny kl\u00edmy je potrebn\u00e9 systematicky zlep\u0161i\u0165 ovzdu\u0161ie, chr\u00e1ni\u0165 zdroje pitnej vody a\u202ftie\u017e p\u00f4du, aby bolo pestovanie potrav\u00edn aj na\u010falej bezpe\u010dn\u00e9.<\/p>\n<p>\u010eal\u0161ou v\u00fdzvou s\u00fa miesta s\u202fenvironment\u00e1lnymi z\u00e1\u0165a\u017eami, pri ktor\u00fdch treba myslie\u0165 na to, \u017ee ak ich nevyrie\u0161ime my, tak \u010fal\u0161ie gener\u00e1cie po n\u00e1s sa s\u202fnimi popasuj\u00fa len \u0165a\u017eko. Pr\u00e1ve kvalita p\u00f4dy\u202fa podzemnej vody v\u00fdznamne ovplyv\u0148uj\u00fa ka\u017edodenn\u00fd \u017eivot nielen Bratislav\u010danov, ale aj ostatn\u00fdch obyvate\u013eov \u017ditn\u00e9ho ostrova.<\/p>\n<p>Premyslen\u00e9 \u00fazemn\u00e9 pl\u00e1novanie je jeden z\u202fn\u00e1strojov, ktor\u00fd maj\u00fa politici v\u202fruk\u00e1ch pre naplnenie odv\u00e1\u017enych cie\u013eov. Ak sa z\u202fBratislavy stane mesto kr\u00e1tkych vzdialenost\u00ed, zn\u00ed\u017ei sa t\u00fdm na\u0161a uhl\u00edkov\u00e1 stopa, ale aj zne\u010distenie \u017eivotn\u00e9ho prostredia. Pr\u00e1ve aj vhodne navrhnut\u00e1 zeleno-modr\u00e1 infra\u0161trukt\u00fara bude v bud\u00facnosti viac motivova\u0165 \u013eud\u00ed k tomu, aby presadli na udr\u017eate\u013enej\u0161\u00ed sp\u00f4sob dopravy, ktor\u00fd bude bezpe\u010dn\u00fd a efekt\u00edvny.<\/p>\n<p>K najv\u00e4\u010d\u0161\u00edm v\u00fdzvam do bud\u00facna pri ochrane \u017eivotn\u00e9ho prostredia je zabezpe\u010di\u0165 funk\u010dn\u00fa spolupr\u00e1cu v\u0161etk\u00fdch zainteresovan\u00fdch in\u0161tit\u00faci\u00ed. Napr\u00edklad spom\u00ednan\u00e9 environment\u00e1lne z\u00e1\u0165a\u017ee nem\u00e1 mesto v\u00fdlu\u010dne vo svojej kompetencii. To v\u0161ak neznamen\u00e1, \u017ee Bratislava nem\u00f4\u017ee by\u0165 akt\u00edvny partner iniciuj\u00faci zmeny, ktor\u00e9 dok\u00e1\u017eu vyrie\u0161i\u0165 s\u00fa\u010dasn\u00e9 probl\u00e9my.<\/p>\n<p>Dobrou spr\u00e1vou pre v\u0161etk\u00fdch je, \u017ee Bratislava je mestom pln\u00fdm \u0161ikovn\u00fdch \u013eud\u00ed, akt\u00edvnych komun\u00edt a odborn\u00edkov, ktor\u00ed sa zauj\u00edmaj\u00fa o\u202fd\u00f4le\u017eit\u00e9 t\u00e9my a\u202fmaj\u00fa mno\u017estvo relevantn\u00fdch podnetov pre zlep\u0161enie \u017eivotn\u00e9ho prostredia v\u202fmeste. Preto ver\u00edme, \u017ee aj v\u010faka prep\u00e1janiu \u013eud\u00ed so skvel\u00fdmi n\u00e1padmi sa podar\u00ed naplni\u0165 do roku 2030 v\u00edziu o\u202fzelen\u0161ej Bratislave.<\/p>[\/et_pb_text][\/et_pb_column][\/et_pb_row][\/et_pb_section]","protected":false},"excerpt":{"rendered":"<p>Obyvate\u013eky a\u202fobyvatelia Bratislavy u\u017e dnes poci\u0165uj\u00fa dopady klimatick\u00fdch zmien vo svojich \u017eivotoch. Extr\u00e9my po\u010dasia, ktor\u00e9 Eur\u00f3pania za\u017e\u00edvali raz za 50 rokov dnes pre\u017e\u00edvaj\u00fa dvakr\u00e1t \u010dastej\u0161ie. V pr\u00edpade ne\u010dinnosti m\u00f4\u017eeme o\u010dak\u00e1va\u0165, \u017ee do konca storo\u010dia sa bud\u00fa objavova\u0165 a\u017e 15 kr\u00e1t \u010dastej\u0161ie, \u010do si vy\u017eiada aj ve\u013ek\u00e9 \u0161kody na zdrav\u00ed aj majetku.Ak chce hlavn\u00e9 mesto zabezpe\u010di\u0165 [&hellip;]<\/p>","protected":false},"author":1,"featured_media":679,"comment_status":"closed","ping_status":"open","sticky":false,"template":"","format":"standard","meta":{"_et_pb_use_builder":"on","_et_pb_old_content":"","_et_gb_content_width":"","inline_featured_image":false},"categories":[4],"tags":[],"yoast_head":"<!-- This site is optimized with the Yoast SEO plugin v20.13 - https:\/\/yoast.com\/wordpress\/plugins\/seo\/ -->\n<title>Zdrav\u00e9 zelen\u00e9 mesto - Bratislava 2030<\/title>\n<meta name=\"robots\" content=\"index, follow, max-snippet:-1, max-image-preview:large, max-video-preview:-1\" \/>\n<link rel=\"canonical\" href=\"https:\/\/bratislava2030.sk\/en\/zdrave-zelene-mesto\/\" \/>\n<meta property=\"og:locale\" content=\"en_US\" \/>\n<meta property=\"og:type\" content=\"article\" \/>\n<meta property=\"og:title\" content=\"Zdrav\u00e9 zelen\u00e9 mesto - Bratislava 2030\" \/>\n<meta property=\"og:description\" content=\"Obyvate\u013eky a\u202fobyvatelia Bratislavy u\u017e dnes poci\u0165uj\u00fa dopady klimatick\u00fdch zmien vo svojich \u017eivotoch. Extr\u00e9my po\u010dasia, ktor\u00e9 Eur\u00f3pania za\u017e\u00edvali raz za 50 rokov dnes pre\u017e\u00edvaj\u00fa dvakr\u00e1t \u010dastej\u0161ie. V pr\u00edpade ne\u010dinnosti m\u00f4\u017eeme o\u010dak\u00e1va\u0165, \u017ee do konca storo\u010dia sa bud\u00fa objavova\u0165 a\u017e 15 kr\u00e1t \u010dastej\u0161ie, \u010do si vy\u017eiada aj ve\u013ek\u00e9 \u0161kody na zdrav\u00ed aj majetku.Ak chce hlavn\u00e9 mesto zabezpe\u010di\u0165 [&hellip;]\" \/>\n<meta property=\"og:url\" content=\"https:\/\/bratislava2030.sk\/en\/zdrave-zelene-mesto\/\" \/>\n<meta property=\"og:site_name\" content=\"Bratislava 2030\" \/>\n<meta property=\"article:published_time\" content=\"2021-09-23T09:54:24+00:00\" \/>\n<meta property=\"article:modified_time\" content=\"2021-09-23T12:23:45+00:00\" \/>\n<meta property=\"og:image\" content=\"https:\/\/bratislava2030.sk\/wp-content\/uploads\/2021\/09\/20210613_194207000_iOS-scaled.jpg\" \/>\n\t<meta property=\"og:image:width\" content=\"2560\" \/>\n\t<meta property=\"og:image:height\" content=\"1710\" \/>\n\t<meta property=\"og:image:type\" content=\"image\/jpeg\" \/>\n<meta name=\"author\" content=\"T\u00edm Bratislava 2030\" \/>\n<meta name=\"twitter:card\" content=\"summary_large_image\" \/>\n<meta name=\"twitter:label1\" content=\"Written by\" \/>\n\t<meta name=\"twitter:data1\" content=\"T\u00edm Bratislava 2030\" \/>\n\t<meta name=\"twitter:label2\" content=\"Est. reading time\" \/>\n\t<meta name=\"twitter:data2\" content=\"2 minutes\" \/>\n<script type=\"application\/ld+json\" class=\"yoast-schema-graph\">{\"@context\":\"https:\/\/schema.org\",\"@graph\":[{\"@type\":\"WebPage\",\"@id\":\"https:\/\/bratislava2030.sk\/en\/zdrave-zelene-mesto\/\",\"url\":\"https:\/\/bratislava2030.sk\/en\/zdrave-zelene-mesto\/\",\"name\":\"Zdrav\u00e9 zelen\u00e9 mesto - Bratislava 2030\",\"isPartOf\":{\"@id\":\"https:\/\/bratislava2030.sk\/#website\"},\"datePublished\":\"2021-09-23T09:54:24+00:00\",\"dateModified\":\"2021-09-23T12:23:45+00:00\",\"author\":{\"@id\":\"https:\/\/bratislava2030.sk\/#\/schema\/person\/ce52a3b8325e876459ea2dbe2d5698ee\"},\"breadcrumb\":{\"@id\":\"https:\/\/bratislava2030.sk\/en\/zdrave-zelene-mesto\/#breadcrumb\"},\"inLanguage\":\"en-US\",\"potentialAction\":[{\"@type\":\"ReadAction\",\"target\":[\"https:\/\/bratislava2030.sk\/en\/zdrave-zelene-mesto\/\"]}]},{\"@type\":\"BreadcrumbList\",\"@id\":\"https:\/\/bratislava2030.sk\/en\/zdrave-zelene-mesto\/#breadcrumb\",\"itemListElement\":[{\"@type\":\"ListItem\",\"position\":1,\"name\":\"Home\",\"item\":\"https:\/\/bratislava2030.sk\/\"},{\"@type\":\"ListItem\",\"position\":2,\"name\":\"Zdrav\u00e9 zelen\u00e9 mesto\"}]},{\"@type\":\"WebSite\",\"@id\":\"https:\/\/bratislava2030.sk\/#website\",\"url\":\"https:\/\/bratislava2030.sk\/\",\"name\":\"Bratislava 2030\",\"description\":\"Bratislava 2030 pos\u00fava hlavn\u00e9 mesto Slovenska do \u010fal\u0161ieho desa\u0165ro\u010dia\",\"potentialAction\":[{\"@type\":\"SearchAction\",\"target\":{\"@type\":\"EntryPoint\",\"urlTemplate\":\"https:\/\/bratislava2030.sk\/?s={search_term_string}\"},\"query-input\":\"required name=search_term_string\"}],\"inLanguage\":\"en-US\"},{\"@type\":\"Person\",\"@id\":\"https:\/\/bratislava2030.sk\/#\/schema\/person\/ce52a3b8325e876459ea2dbe2d5698ee\",\"name\":\"T\u00edm Bratislava 2030\",\"image\":{\"@type\":\"ImageObject\",\"inLanguage\":\"en-US\",\"@id\":\"https:\/\/bratislava2030.sk\/#\/schema\/person\/image\/\",\"url\":\"https:\/\/secure.gravatar.com\/avatar\/117de88d0adf789960aa8c30a5135f45?s=96&d=blank&r=g\",\"contentUrl\":\"https:\/\/secure.gravatar.com\/avatar\/117de88d0adf789960aa8c30a5135f45?s=96&d=blank&r=g\",\"caption\":\"T\u00edm Bratislava 2030\"},\"url\":\"https:\/\/bratislava2030.sk\/en\/author\/orol\/\"}]}<\/script>\n<!-- \/ Yoast SEO plugin. -->","yoast_head_json":{"title":"Zdrav\u00e9 zelen\u00e9 mesto - Bratislava 2030","robots":{"index":"index","follow":"follow","max-snippet":"max-snippet:-1","max-image-preview":"max-image-preview:large","max-video-preview":"max-video-preview:-1"},"canonical":"https:\/\/bratislava2030.sk\/en\/zdrave-zelene-mesto\/","og_locale":"en_US","og_type":"article","og_title":"Zdrav\u00e9 zelen\u00e9 mesto - Bratislava 2030","og_description":"Obyvate\u013eky a\u202fobyvatelia Bratislavy u\u017e dnes poci\u0165uj\u00fa dopady klimatick\u00fdch zmien vo svojich \u017eivotoch. Extr\u00e9my po\u010dasia, ktor\u00e9 Eur\u00f3pania za\u017e\u00edvali raz za 50 rokov dnes pre\u017e\u00edvaj\u00fa dvakr\u00e1t \u010dastej\u0161ie. V pr\u00edpade ne\u010dinnosti m\u00f4\u017eeme o\u010dak\u00e1va\u0165, \u017ee do konca storo\u010dia sa bud\u00fa objavova\u0165 a\u017e 15 kr\u00e1t \u010dastej\u0161ie, \u010do si vy\u017eiada aj ve\u013ek\u00e9 \u0161kody na zdrav\u00ed aj majetku.Ak chce hlavn\u00e9 mesto zabezpe\u010di\u0165 [&hellip;]","og_url":"https:\/\/bratislava2030.sk\/en\/zdrave-zelene-mesto\/","og_site_name":"Bratislava 2030","article_published_time":"2021-09-23T09:54:24+00:00","article_modified_time":"2021-09-23T12:23:45+00:00","og_image":[{"width":2560,"height":1710,"url":"https:\/\/bratislava2030.sk\/wp-content\/uploads\/2021\/09\/20210613_194207000_iOS-scaled.jpg","type":"image\/jpeg"}],"author":"T\u00edm Bratislava 2030","twitter_card":"summary_large_image","twitter_misc":{"Written by":"T\u00edm Bratislava 2030","Est. reading time":"2 minutes"},"schema":{"@context":"https:\/\/schema.org","@graph":[{"@type":"WebPage","@id":"https:\/\/bratislava2030.sk\/en\/zdrave-zelene-mesto\/","url":"https:\/\/bratislava2030.sk\/en\/zdrave-zelene-mesto\/","name":"Zdrav\u00e9 zelen\u00e9 mesto - Bratislava 2030","isPartOf":{"@id":"https:\/\/bratislava2030.sk\/#website"},"datePublished":"2021-09-23T09:54:24+00:00","dateModified":"2021-09-23T12:23:45+00:00","author":{"@id":"https:\/\/bratislava2030.sk\/#\/schema\/person\/ce52a3b8325e876459ea2dbe2d5698ee"},"breadcrumb":{"@id":"https:\/\/bratislava2030.sk\/en\/zdrave-zelene-mesto\/#breadcrumb"},"inLanguage":"en-US","potentialAction":[{"@type":"ReadAction","target":["https:\/\/bratislava2030.sk\/en\/zdrave-zelene-mesto\/"]}]},{"@type":"BreadcrumbList","@id":"https:\/\/bratislava2030.sk\/en\/zdrave-zelene-mesto\/#breadcrumb","itemListElement":[{"@type":"ListItem","position":1,"name":"Home","item":"https:\/\/bratislava2030.sk\/"},{"@type":"ListItem","position":2,"name":"Zdrav\u00e9 zelen\u00e9 mesto"}]},{"@type":"WebSite","@id":"https:\/\/bratislava2030.sk\/#website","url":"https:\/\/bratislava2030.sk\/","name":"Bratislava 2030","description":"Bratislava 2030 pos\u00fava hlavn\u00e9 mesto Slovenska do \u010fal\u0161ieho desa\u0165ro\u010dia","potentialAction":[{"@type":"SearchAction","target":{"@type":"EntryPoint","urlTemplate":"https:\/\/bratislava2030.sk\/?s={search_term_string}"},"query-input":"required name=search_term_string"}],"inLanguage":"en-US"},{"@type":"Person","@id":"https:\/\/bratislava2030.sk\/#\/schema\/person\/ce52a3b8325e876459ea2dbe2d5698ee","name":"T\u00edm Bratislava 2030","image":{"@type":"ImageObject","inLanguage":"en-US","@id":"https:\/\/bratislava2030.sk\/#\/schema\/person\/image\/","url":"https:\/\/secure.gravatar.com\/avatar\/117de88d0adf789960aa8c30a5135f45?s=96&d=blank&r=g","contentUrl":"https:\/\/secure.gravatar.com\/avatar\/117de88d0adf789960aa8c30a5135f45?s=96&d=blank&r=g","caption":"T\u00edm Bratislava 2030"},"url":"https:\/\/bratislava2030.sk\/en\/author\/orol\/"}]}},"_links":{"self":[{"href":"https:\/\/bratislava2030.sk\/en\/wp-json\/wp\/v2\/posts\/647"}],"collection":[{"href":"https:\/\/bratislava2030.sk\/en\/wp-json\/wp\/v2\/posts"}],"about":[{"href":"https:\/\/bratislava2030.sk\/en\/wp-json\/wp\/v2\/types\/post"}],"author":[{"embeddable":true,"href":"https:\/\/bratislava2030.sk\/en\/wp-json\/wp\/v2\/users\/1"}],"replies":[{"embeddable":true,"href":"https:\/\/bratislava2030.sk\/en\/wp-json\/wp\/v2\/comments?post=647"}],"version-history":[{"count":6,"href":"https:\/\/bratislava2030.sk\/en\/wp-json\/wp\/v2\/posts\/647\/revisions"}],"predecessor-version":[{"id":685,"href":"https:\/\/bratislava2030.sk\/en\/wp-json\/wp\/v2\/posts\/647\/revisions\/685"}],"wp:featuredmedia":[{"embeddable":true,"href":"https:\/\/bratislava2030.sk\/en\/wp-json\/wp\/v2\/media\/679"}],"wp:attachment":[{"href":"https:\/\/bratislava2030.sk\/en\/wp-json\/wp\/v2\/media?parent=647"}],"wp:term":[{"taxonomy":"category","embeddable":true,"href":"https:\/\/bratislava2030.sk\/en\/wp-json\/wp\/v2\/categories?post=647"},{"taxonomy":"post_tag","embeddable":true,"href":"https:\/\/bratislava2030.sk\/en\/wp-json\/wp\/v2\/tags?post=647"}],"curies":[{"name":"wp","href":"https:\/\/api.w.org\/{rel}","templated":true}]}}