{"id":66,"date":"2020-03-06T11:52:27","date_gmt":"2020-03-06T10:52:27","guid":{"rendered":"https:\/\/bratislava2030.sk\/?p=66"},"modified":"2021-09-23T16:16:08","modified_gmt":"2021-09-23T14:16:08","slug":"prve-metropolitne-forum-otvorilo-diskusiu-o-plane-bratislava-2030","status":"publish","type":"post","link":"https:\/\/bratislava2030.sk\/en\/prve-metropolitne-forum-otvorilo-diskusiu-o-plane-bratislava-2030\/","title":{"rendered":"Metropolitan Forum I"},"content":{"rendered":"[et_pb_section fb_built=&#8220;1&#8243; admin_label=&#8220;section&#8220; _builder_version=&#8220;3.22&#8243; global_colors_info=&#8220;{}&#8220;][et_pb_row admin_label=&#8220;row&#8220; _builder_version=&#8220;3.25&#8243; background_size=&#8220;initial&#8220; background_position=&#8220;top_left&#8220; background_repeat=&#8220;repeat&#8220; global_colors_info=&#8220;{}&#8220;][et_pb_column type=&#8220;4_4&#8243; _builder_version=&#8220;3.25&#8243; custom_padding=&#8220;|||&#8220; global_colors_info=&#8220;{}&#8220; custom_padding__hover=&#8220;|||&#8220;][et_pb_text admin_label=&#8220;Text&#8220; _builder_version=&#8220;3.27.4&#8243; background_size=&#8220;initial&#8220; background_position=&#8220;top_left&#8220; background_repeat=&#8220;repeat&#8220; global_colors_info=&#8220;{}&#8220;]\n<p><br>Bratislava vie by\u0165 lep\u0161\u00edm mestom, ale k tomu potrebuje strat\u00e9giu pripraven\u00fa sk\u00fasen\u00fdmi odborn\u00edkmi a odborn\u00ed\u010dkami. <br> <br> Metropolitn\u00e9 f\u00f3rum je priestor pre spolo\u010dn\u00fa a transparentn\u00fa diskusiu t\u00e9m, t\u00fdkaj\u00facich sa rozvoja hlavn\u00e9ho mesta&nbsp; a jeho cie\u013eom je zapoji\u0165 do tvorby strat\u00e9gie Bratislava 2030 pr\u00e1ve expertn\u00fa&nbsp; a organizovan\u00fa verejnos\u0165. V najbli\u017e\u0161om roku zorganizuje Metrpolitn\u00fd in\u0161tit\u00fat Bratislavy celkovo osem tak\u00fdchto stretnut\u00ed. Prv\u00e9 f\u00f3rum, ktor\u00e9 sa uskuto\u010dnilo 5.3.2020, sa venovalo t\u00e9mam \u017eivotn\u00e9ho prostredia, mobility, energetiky a odpadov. <br> <br> F\u00f3rum od\u0161tartovalo prezent\u00e1ciou Eduarda Donauera, splnomocnenca prim\u00e1tora pre strategick\u00fd pl\u00e1n. Po \u0148om vyst\u00fapili 4 prezentuj\u00faci z k\u013e\u00fa\u010dov\u00fdch mestsk\u00fdch organiz\u00e1ci\u00ed a \u00fatvarov. <br> Hlavn\u00e1 architektka mesta Ingrid Konrad spolu s Evou Streberovou predstavili Atlas dopadov zmeny kl\u00edmy na \u00fazem\u00ed hlavn\u00e9ho mesta \u2013 strategick\u00fd dokument, ktor\u00fd syst\u00e9movo mapuje problematiku sucha, hor\u00fa\u010dav i z\u00e1plav a mo\u017ee sa sta\u0165 k\u013e\u00fa\u010dov\u00fdm n\u00e1strojom pri pl\u00e1novan\u00ed mesta. S t\u00e9mou mobility a verejnej dopravy vyst\u00fapil \u010dlen predstavenstva Dopravn\u00e9ho podniku Bratislavy Michal Halomi. Hovoril o aktu\u00e1lnej situ\u00e1cii DPB, o stave infra\u0161trukt\u00fary a poskytovan\u00fdch slu\u017eb\u00e1ch a pomenoval, ak\u00e9 rozvojov\u00e9 aktivity DPB pl\u00e1nuje. Riadite\u013e spolo\u010dnosti OLO (Odvoz a likvid\u00e1cia odpadov), Martin Masl\u00e1k predstavil, \u010do sa v tejto spolo\u010dnosti deje&nbsp; a ak\u00e9 nov\u00e9 kroky chystaj\u00fa. Na z\u00e1ver bloku vyst\u00fapil riadite\u013e Bratislavskej vod\u00e1renskej spolo\u010dnosti Peter Olajo\u0161, ktor\u00fd upozornil na s\u00fa\u010dasn\u00e9 v\u00fdzvy, s ktor\u00fdmi sa bude mesto musie\u0165 vysporiada\u0165.<br> <br> Prezenta\u010dn\u00fd blok ukon\u010dila \u017eiv\u00e1 diskusia s \u00fa\u010dastn\u00edkmi a \u00fa\u010dastn\u00ed\u010dkami Metropolitn\u00e9ho f\u00f3ra, ktor\u00e1 pokra\u010dovala v tematick\u00fdch skupin\u00e1ch \u017eivotn\u00e9 prostredie, energetika a odpady a mobilita. Experti a expertky pomenovali trendy, ktor\u00e9 sa t\u00fdkaj\u00fa rozvoja Bratislavy a na ktor\u00e9 bude musie\u0165 mesto reagova\u0165; viacer\u00ed tie\u017e pon\u00fakli spolupr\u00e1cu pri pl\u00e1novan\u00ed. <br> <br> V\u00fdstupy z diskusie mesto vn\u00edma ako d\u00f4le\u017eit\u00fa sp\u00e4tn\u00fa v\u00e4zbu pri tvorbe dokumentu Bratislava 2030.<br> Metropolitn\u00e9 f\u00f3ra bud\u00fa pokra\u010dova\u0165 aj v \u010fal\u0161\u00edch mesiacoch. Popri in\u00fdch platform\u00e1ch tvorby strategick\u00e9ho pl\u00e1nu bud\u00fa f\u00f3ra poskytova\u0165 priestor pre t\u00fdch, ktor\u00ed reprezentuj\u00fa k\u013e\u00fa\u010dov\u00fdch akt\u00e9rov a in\u0161tit\u00facie&nbsp; z neziskov\u00e9ho, akademick\u00e9ho \u010di podnikate\u013esk\u00e9ho sektora, dlhodobej\u0161ie sa venuj\u00fa r\u00f4znym tematick\u00fdm oblastiam a vedia pon\u00faknu\u0165 strategick\u00fd poh\u013ead na rozvoj. \u00da\u010dastn\u00edci sa bud\u00fa obmie\u0148a\u0165 pod\u013ea t\u00e9m Metropolitn\u00e9ho f\u00f3ra tak, aby sme z\u00edskali \u010do najv\u00e4\u010d\u0161iu diverzitu a expert\u00edzu. Za v\u00fdberom odbornej verejnosti stoj\u00ed programov\u00e1 rada strat\u00e9gie Bratislava 2030. <br> <br> Ak m\u00e1te z\u00e1ujem zaradi\u0165 sa do datab\u00e1zy odborn\u00edkov, vypl\u0148te pros\u00edm <a aria-label=\"tento formul\u00e1r (otvor\u00ed sa v novej karte)\" rel=\"noreferrer noopener\" href=\"https:\/\/docs.google.com\/forms\/d\/e\/1FAIpQLSel5_-HYVVSoXaBPkyUxmfZcNOAOjKt9dP03NF8AEjYSFVRPA\/viewform\" target=\"_blank\">tento formul\u00e1r<\/a>. <br> V\u00fdstupy a prezent\u00e1cie zo stretnut\u00ed po spracovan\u00ed zverejn\u00edme.<\/p>\n\n\n\n<figure class=\"wp-block-gallery columns-5 is-cropped wp-block-gallery-1 is-layout-flex\"><ul class=\"blocks-gallery-grid\"><li class=\"blocks-gallery-item\"><figure><a href=\"http:\/\/bratislava2030.sk\/wp-content\/uploads\/2020\/03\/20200305_115226000_iOS-scaled.jpg\"><img decoding=\"async\" loading=\"lazy\" width=\"1024\" height=\"683\" src=\"http:\/\/bratislava2030.sk\/wp-content\/uploads\/2020\/03\/20200305_115226000_iOS-1024x683.jpg\" alt=\"\" data-id=\"67\" data-full-url=\"http:\/\/bratislava2030.sk\/wp-content\/uploads\/2020\/03\/20200305_115226000_iOS-scaled.jpg\" data-link=\"https:\/\/bratislava2030.sk\/?attachment_id=67\" class=\"wp-image-67\" srcset=\"https:\/\/bratislava2030.sk\/wp-content\/uploads\/2020\/03\/20200305_115226000_iOS-1024x683.jpg 1024w, https:\/\/bratislava2030.sk\/wp-content\/uploads\/2020\/03\/20200305_115226000_iOS-300x200.jpg 300w, https:\/\/bratislava2030.sk\/wp-content\/uploads\/2020\/03\/20200305_115226000_iOS-768x512.jpg 768w, https:\/\/bratislava2030.sk\/wp-content\/uploads\/2020\/03\/20200305_115226000_iOS-1536x1024.jpg 1536w, https:\/\/bratislava2030.sk\/wp-content\/uploads\/2020\/03\/20200305_115226000_iOS-2048x1365.jpg 2048w\" sizes=\"(max-width: 1024px) 100vw, 1024px\" \/><\/a><\/figure><\/li><li class=\"blocks-gallery-item\"><figure><a href=\"http:\/\/bratislava2030.sk\/wp-content\/uploads\/2020\/03\/20200305_120057000_iOS-scaled.jpg\"><img decoding=\"async\" loading=\"lazy\" width=\"1024\" height=\"683\" src=\"http:\/\/bratislava2030.sk\/wp-content\/uploads\/2020\/03\/20200305_120057000_iOS-1024x683.jpg\" alt=\"\" data-id=\"68\" data-full-url=\"http:\/\/bratislava2030.sk\/wp-content\/uploads\/2020\/03\/20200305_120057000_iOS-scaled.jpg\" data-link=\"https:\/\/bratislava2030.sk\/?attachment_id=68\" class=\"wp-image-68\" srcset=\"https:\/\/bratislava2030.sk\/wp-content\/uploads\/2020\/03\/20200305_120057000_iOS-1024x683.jpg 1024w, https:\/\/bratislava2030.sk\/wp-content\/uploads\/2020\/03\/20200305_120057000_iOS-300x200.jpg 300w, https:\/\/bratislava2030.sk\/wp-content\/uploads\/2020\/03\/20200305_120057000_iOS-768x512.jpg 768w, https:\/\/bratislava2030.sk\/wp-content\/uploads\/2020\/03\/20200305_120057000_iOS-1536x1024.jpg 1536w, https:\/\/bratislava2030.sk\/wp-content\/uploads\/2020\/03\/20200305_120057000_iOS-2048x1365.jpg 2048w\" sizes=\"(max-width: 1024px) 100vw, 1024px\" \/><\/a><\/figure><\/li><li class=\"blocks-gallery-item\"><figure><a href=\"http:\/\/bratislava2030.sk\/wp-content\/uploads\/2020\/03\/20200305_120542000_iOS-scaled.jpg\"><img decoding=\"async\" loading=\"lazy\" width=\"1024\" height=\"684\" src=\"http:\/\/bratislava2030.sk\/wp-content\/uploads\/2020\/03\/20200305_120542000_iOS-1024x684.jpg\" alt=\"\" data-id=\"69\" data-full-url=\"http:\/\/bratislava2030.sk\/wp-content\/uploads\/2020\/03\/20200305_120542000_iOS-scaled.jpg\" data-link=\"https:\/\/bratislava2030.sk\/?attachment_id=69\" class=\"wp-image-69\" srcset=\"https:\/\/bratislava2030.sk\/wp-content\/uploads\/2020\/03\/20200305_120542000_iOS-1024x684.jpg 1024w, https:\/\/bratislava2030.sk\/wp-content\/uploads\/2020\/03\/20200305_120542000_iOS-300x200.jpg 300w, https:\/\/bratislava2030.sk\/wp-content\/uploads\/2020\/03\/20200305_120542000_iOS-768x513.jpg 768w, https:\/\/bratislava2030.sk\/wp-content\/uploads\/2020\/03\/20200305_120542000_iOS-1536x1026.jpg 1536w, https:\/\/bratislava2030.sk\/wp-content\/uploads\/2020\/03\/20200305_120542000_iOS-2048x1368.jpg 2048w\" sizes=\"(max-width: 1024px) 100vw, 1024px\" \/><\/a><\/figure><\/li><li class=\"blocks-gallery-item\"><figure><a href=\"http:\/\/bratislava2030.sk\/wp-content\/uploads\/2020\/03\/20200305_121022000_iOS-scaled.jpg\"><img decoding=\"async\" loading=\"lazy\" width=\"1024\" height=\"683\" src=\"http:\/\/bratislava2030.sk\/wp-content\/uploads\/2020\/03\/20200305_121022000_iOS-1024x683.jpg\" alt=\"\" data-id=\"70\" data-full-url=\"http:\/\/bratislava2030.sk\/wp-content\/uploads\/2020\/03\/20200305_121022000_iOS-scaled.jpg\" data-link=\"https:\/\/bratislava2030.sk\/?attachment_id=70\" class=\"wp-image-70\" srcset=\"https:\/\/bratislava2030.sk\/wp-content\/uploads\/2020\/03\/20200305_121022000_iOS-1024x683.jpg 1024w, https:\/\/bratislava2030.sk\/wp-content\/uploads\/2020\/03\/20200305_121022000_iOS-300x200.jpg 300w, https:\/\/bratislava2030.sk\/wp-content\/uploads\/2020\/03\/20200305_121022000_iOS-768x512.jpg 768w, https:\/\/bratislava2030.sk\/wp-content\/uploads\/2020\/03\/20200305_121022000_iOS-1536x1024.jpg 1536w, https:\/\/bratislava2030.sk\/wp-content\/uploads\/2020\/03\/20200305_121022000_iOS-2048x1365.jpg 2048w\" sizes=\"(max-width: 1024px) 100vw, 1024px\" \/><\/a><\/figure><\/li><li class=\"blocks-gallery-item\"><figure><a href=\"http:\/\/bratislava2030.sk\/wp-content\/uploads\/2020\/03\/20200305_121134000_iOS-scaled.jpg\"><img decoding=\"async\" loading=\"lazy\" width=\"1024\" height=\"697\" src=\"http:\/\/bratislava2030.sk\/wp-content\/uploads\/2020\/03\/20200305_121134000_iOS-1024x697.jpg\" alt=\"\" data-id=\"71\" data-full-url=\"http:\/\/bratislava2030.sk\/wp-content\/uploads\/2020\/03\/20200305_121134000_iOS-scaled.jpg\" data-link=\"https:\/\/bratislava2030.sk\/?attachment_id=71\" class=\"wp-image-71\" srcset=\"https:\/\/bratislava2030.sk\/wp-content\/uploads\/2020\/03\/20200305_121134000_iOS-1024x697.jpg 1024w, https:\/\/bratislava2030.sk\/wp-content\/uploads\/2020\/03\/20200305_121134000_iOS-300x204.jpg 300w, https:\/\/bratislava2030.sk\/wp-content\/uploads\/2020\/03\/20200305_121134000_iOS-768x523.jpg 768w, https:\/\/bratislava2030.sk\/wp-content\/uploads\/2020\/03\/20200305_121134000_iOS-1536x1045.jpg 1536w, https:\/\/bratislava2030.sk\/wp-content\/uploads\/2020\/03\/20200305_121134000_iOS-2048x1394.jpg 2048w\" sizes=\"(max-width: 1024px) 100vw, 1024px\" \/><\/a><\/figure><\/li><li class=\"blocks-gallery-item\"><figure><a href=\"http:\/\/bratislava2030.sk\/wp-content\/uploads\/2020\/03\/20200305_121644000_iOS-scaled.jpg\"><img decoding=\"async\" loading=\"lazy\" width=\"1024\" height=\"683\" src=\"http:\/\/bratislava2030.sk\/wp-content\/uploads\/2020\/03\/20200305_121644000_iOS-1024x683.jpg\" alt=\"\" data-id=\"72\" data-full-url=\"http:\/\/bratislava2030.sk\/wp-content\/uploads\/2020\/03\/20200305_121644000_iOS-scaled.jpg\" data-link=\"https:\/\/bratislava2030.sk\/?attachment_id=72\" class=\"wp-image-72\" srcset=\"https:\/\/bratislava2030.sk\/wp-content\/uploads\/2020\/03\/20200305_121644000_iOS-1024x683.jpg 1024w, https:\/\/bratislava2030.sk\/wp-content\/uploads\/2020\/03\/20200305_121644000_iOS-300x200.jpg 300w, https:\/\/bratislava2030.sk\/wp-content\/uploads\/2020\/03\/20200305_121644000_iOS-768x512.jpg 768w, https:\/\/bratislava2030.sk\/wp-content\/uploads\/2020\/03\/20200305_121644000_iOS-1536x1024.jpg 1536w, https:\/\/bratislava2030.sk\/wp-content\/uploads\/2020\/03\/20200305_121644000_iOS-2048x1365.jpg 2048w\" sizes=\"(max-width: 1024px) 100vw, 1024px\" \/><\/a><\/figure><\/li><li class=\"blocks-gallery-item\"><figure><a href=\"http:\/\/bratislava2030.sk\/wp-content\/uploads\/2020\/03\/20200305_122503000_iOS-scaled.jpg\"><img decoding=\"async\" loading=\"lazy\" width=\"1024\" height=\"684\" src=\"http:\/\/bratislava2030.sk\/wp-content\/uploads\/2020\/03\/20200305_122503000_iOS-1024x684.jpg\" alt=\"\" data-id=\"73\" data-full-url=\"http:\/\/bratislava2030.sk\/wp-content\/uploads\/2020\/03\/20200305_122503000_iOS-scaled.jpg\" data-link=\"https:\/\/bratislava2030.sk\/?attachment_id=73\" class=\"wp-image-73\" srcset=\"https:\/\/bratislava2030.sk\/wp-content\/uploads\/2020\/03\/20200305_122503000_iOS-1024x684.jpg 1024w, https:\/\/bratislava2030.sk\/wp-content\/uploads\/2020\/03\/20200305_122503000_iOS-300x200.jpg 300w, https:\/\/bratislava2030.sk\/wp-content\/uploads\/2020\/03\/20200305_122503000_iOS-768x513.jpg 768w, https:\/\/bratislava2030.sk\/wp-content\/uploads\/2020\/03\/20200305_122503000_iOS-1536x1025.jpg 1536w, https:\/\/bratislava2030.sk\/wp-content\/uploads\/2020\/03\/20200305_122503000_iOS-2048x1367.jpg 2048w\" sizes=\"(max-width: 1024px) 100vw, 1024px\" \/><\/a><\/figure><\/li><li class=\"blocks-gallery-item\"><figure><a href=\"http:\/\/bratislava2030.sk\/wp-content\/uploads\/2020\/03\/IMG_5472-scaled.jpg\"><img decoding=\"async\" loading=\"lazy\" width=\"1024\" height=\"683\" src=\"http:\/\/bratislava2030.sk\/wp-content\/uploads\/2020\/03\/IMG_5472-1024x683.jpg\" alt=\"\" data-id=\"74\" data-full-url=\"http:\/\/bratislava2030.sk\/wp-content\/uploads\/2020\/03\/IMG_5472-scaled.jpg\" data-link=\"https:\/\/bratislava2030.sk\/?attachment_id=74\" class=\"wp-image-74\" srcset=\"https:\/\/bratislava2030.sk\/wp-content\/uploads\/2020\/03\/IMG_5472-1024x683.jpg 1024w, https:\/\/bratislava2030.sk\/wp-content\/uploads\/2020\/03\/IMG_5472-300x200.jpg 300w, https:\/\/bratislava2030.sk\/wp-content\/uploads\/2020\/03\/IMG_5472-768x512.jpg 768w, https:\/\/bratislava2030.sk\/wp-content\/uploads\/2020\/03\/IMG_5472-1536x1024.jpg 1536w, https:\/\/bratislava2030.sk\/wp-content\/uploads\/2020\/03\/IMG_5472-2048x1365.jpg 2048w\" sizes=\"(max-width: 1024px) 100vw, 1024px\" \/><\/a><\/figure><\/li><li class=\"blocks-gallery-item\"><figure><a href=\"http:\/\/bratislava2030.sk\/wp-content\/uploads\/2020\/03\/IMG_5473-scaled.jpg\"><img decoding=\"async\" loading=\"lazy\" width=\"1024\" height=\"660\" src=\"http:\/\/bratislava2030.sk\/wp-content\/uploads\/2020\/03\/IMG_5473-1024x660.jpg\" alt=\"\" data-id=\"75\" data-full-url=\"http:\/\/bratislava2030.sk\/wp-content\/uploads\/2020\/03\/IMG_5473-scaled.jpg\" data-link=\"https:\/\/bratislava2030.sk\/?attachment_id=75\" class=\"wp-image-75\" srcset=\"https:\/\/bratislava2030.sk\/wp-content\/uploads\/2020\/03\/IMG_5473-1024x660.jpg 1024w, https:\/\/bratislava2030.sk\/wp-content\/uploads\/2020\/03\/IMG_5473-300x193.jpg 300w, https:\/\/bratislava2030.sk\/wp-content\/uploads\/2020\/03\/IMG_5473-768x495.jpg 768w, https:\/\/bratislava2030.sk\/wp-content\/uploads\/2020\/03\/IMG_5473-1536x989.jpg 1536w, https:\/\/bratislava2030.sk\/wp-content\/uploads\/2020\/03\/IMG_5473-2048x1319.jpg 2048w\" sizes=\"(max-width: 1024px) 100vw, 1024px\" \/><\/a><\/figure><\/li><li class=\"blocks-gallery-item\"><figure><a href=\"http:\/\/bratislava2030.sk\/wp-content\/uploads\/2020\/03\/IMG_5475-scaled.jpg\"><img decoding=\"async\" loading=\"lazy\" width=\"1024\" height=\"690\" src=\"http:\/\/bratislava2030.sk\/wp-content\/uploads\/2020\/03\/IMG_5475-1024x690.jpg\" alt=\"\" data-id=\"76\" data-full-url=\"http:\/\/bratislava2030.sk\/wp-content\/uploads\/2020\/03\/IMG_5475-scaled.jpg\" data-link=\"https:\/\/bratislava2030.sk\/?attachment_id=76\" class=\"wp-image-76\" srcset=\"https:\/\/bratislava2030.sk\/wp-content\/uploads\/2020\/03\/IMG_5475-1024x690.jpg 1024w, https:\/\/bratislava2030.sk\/wp-content\/uploads\/2020\/03\/IMG_5475-300x202.jpg 300w, https:\/\/bratislava2030.sk\/wp-content\/uploads\/2020\/03\/IMG_5475-768x517.jpg 768w, https:\/\/bratislava2030.sk\/wp-content\/uploads\/2020\/03\/IMG_5475-1536x1035.jpg 1536w, https:\/\/bratislava2030.sk\/wp-content\/uploads\/2020\/03\/IMG_5475-2048x1380.jpg 2048w\" sizes=\"(max-width: 1024px) 100vw, 1024px\" \/><\/a><\/figure><\/li><\/ul><\/figure>\n\n\n\n<h3 class=\"has-text-align-center wp-block-heading\">Viac fotiek v <a href=\"https:\/\/bratislava2030.sk\/en\/galeria-metropolitne-forum-i\/\">gal\u00e9rii<\/a><\/h3>\n\n\n\n<hr class=\"wp-block-separator\"\/>\n\n\n\n<figure class=\"wp-block-embed is-type-video is-provider-youtube wp-block-embed-youtube wp-embed-aspect-16-9 wp-has-aspect-ratio\"><div class=\"wp-block-embed__wrapper\">\n<iframe loading=\"lazy\" title=\"Metropolitn\u00e9 f\u00f3rum I.\" width=\"1080\" height=\"608\" src=\"https:\/\/www.youtube.com\/embed\/g_CNIYHdGA8?feature=oembed\"  allow=\"accelerometer; autoplay; clipboard-write; encrypted-media; gyroscope; picture-in-picture\" allowfullscreen><\/iframe>\n<\/div><figcaption>Videoz\u00e1znam<\/figcaption><\/figure>\n\n\n\n<div class=\"wp-block-buttons is-layout-flex\">\n<div class=\"wp-block-button\"><a class=\"wp-block-button__link\" href=\"https:\/\/bratislava2030.sk\/en\/metropolitne-forum\/dokumenty\/\" target=\"_blank\" rel=\"noreferrer noopener\">Documents<\/a><\/div>\n<\/div>\n\n\n\n<p><\/p>\n[\/et_pb_text][\/et_pb_column][\/et_pb_row][\/et_pb_section]","protected":false},"excerpt":{"rendered":"<p>Prv\u00e9 Metropolitn\u00e9 f\u00f3rum otvorilo diskusiu o strat\u00e9gii Bratislava 2030<\/p>","protected":false},"author":1,"featured_media":155,"comment_status":"open","ping_status":"open","sticky":false,"template":"","format":"standard","meta":{"_et_pb_use_builder":"on","_et_pb_old_content":"<!-- wp:paragraph -->\n<p><br>Bratislava vie by\u0165 lep\u0161\u00edm mestom, ale k tomu potrebuje strat\u00e9giu pripraven\u00fa sk\u00fasen\u00fdmi odborn\u00edkmi a odborn\u00ed\u010dkami. <br> <br> Metropolitn\u00e9 f\u00f3rum je priestor pre spolo\u010dn\u00fa a transparentn\u00fa diskusiu t\u00e9m, t\u00fdkaj\u00facich sa rozvoja hlavn\u00e9ho mesta&nbsp; a jeho cie\u013eom je zapoji\u0165 do tvorby strat\u00e9gie Bratislava 2030 pr\u00e1ve expertn\u00fa&nbsp; a organizovan\u00fa verejnos\u0165. V najbli\u017e\u0161om roku zorganizuje Metrpolitn\u00fd in\u0161tit\u00fat Bratislavy celkovo osem tak\u00fdchto stretnut\u00ed. Prv\u00e9 f\u00f3rum, ktor\u00e9 sa uskuto\u010dnilo 5.3.2020, sa venovalo t\u00e9mam \u017eivotn\u00e9ho prostredia, mobility, energetiky a odpadov. <br> <br> F\u00f3rum od\u0161tartovalo prezent\u00e1ciou Eduarda Donauera, splnomocnenca prim\u00e1tora pre strategick\u00fd pl\u00e1n. Po \u0148om vyst\u00fapili 4 prezentuj\u00faci z k\u013e\u00fa\u010dov\u00fdch mestsk\u00fdch organiz\u00e1ci\u00ed a \u00fatvarov. <br> Hlavn\u00e1 architektka mesta Ingrid Konrad spolu s Evou Streberovou predstavili Atlas dopadov zmeny kl\u00edmy na \u00fazem\u00ed hlavn\u00e9ho mesta \u2013 strategick\u00fd dokument, ktor\u00fd syst\u00e9movo mapuje problematiku sucha, hor\u00fa\u010dav i z\u00e1plav a mo\u017ee sa sta\u0165 k\u013e\u00fa\u010dov\u00fdm n\u00e1strojom pri pl\u00e1novan\u00ed mesta. S t\u00e9mou mobility a verejnej dopravy vyst\u00fapil \u010dlen predstavenstva Dopravn\u00e9ho podniku Bratislavy Michal Halomi. Hovoril o aktu\u00e1lnej situ\u00e1cii DPB, o stave infra\u0161trukt\u00fary a poskytovan\u00fdch slu\u017eb\u00e1ch a pomenoval, ak\u00e9 rozvojov\u00e9 aktivity DPB pl\u00e1nuje. Riadite\u013e spolo\u010dnosti OLO (Odvoz a likvid\u00e1cia odpadov), Martin Masl\u00e1k predstavil, \u010do sa v tejto spolo\u010dnosti deje&nbsp; a ak\u00e9 nov\u00e9 kroky chystaj\u00fa. Na z\u00e1ver bloku vyst\u00fapil riadite\u013e Bratislavskej vod\u00e1renskej spolo\u010dnosti Peter Olajo\u0161, ktor\u00fd upozornil na s\u00fa\u010dasn\u00e9 v\u00fdzvy, s ktor\u00fdmi sa bude mesto musie\u0165 vysporiada\u0165.<br> <br> Prezenta\u010dn\u00fd blok ukon\u010dila \u017eiv\u00e1 diskusia s \u00fa\u010dastn\u00edkmi a \u00fa\u010dastn\u00ed\u010dkami Metropolitn\u00e9ho f\u00f3ra, ktor\u00e1 pokra\u010dovala v tematick\u00fdch skupin\u00e1ch \u017eivotn\u00e9 prostredie, energetika a odpady a mobilita. Experti a expertky pomenovali trendy, ktor\u00e9 sa t\u00fdkaj\u00fa rozvoja Bratislavy a na ktor\u00e9 bude musie\u0165 mesto reagova\u0165; viacer\u00ed tie\u017e pon\u00fakli spolupr\u00e1cu pri pl\u00e1novan\u00ed. <br> <br> V\u00fdstupy z diskusie mesto vn\u00edma ako d\u00f4le\u017eit\u00fa sp\u00e4tn\u00fa v\u00e4zbu pri tvorbe dokumentu Bratislava 2030.<br> Metropolitn\u00e9 f\u00f3ra bud\u00fa pokra\u010dova\u0165 aj v \u010fal\u0161\u00edch mesiacoch. Popri in\u00fdch platform\u00e1ch tvorby strategick\u00e9ho pl\u00e1nu bud\u00fa f\u00f3ra poskytova\u0165 priestor pre t\u00fdch, ktor\u00ed reprezentuj\u00fa k\u013e\u00fa\u010dov\u00fdch akt\u00e9rov a in\u0161tit\u00facie&nbsp; z neziskov\u00e9ho, akademick\u00e9ho \u010di podnikate\u013esk\u00e9ho sektora, dlhodobej\u0161ie sa venuj\u00fa r\u00f4znym tematick\u00fdm oblastiam a vedia pon\u00faknu\u0165 strategick\u00fd poh\u013ead na rozvoj. \u00da\u010dastn\u00edci sa bud\u00fa obmie\u0148a\u0165 pod\u013ea t\u00e9m Metropolitn\u00e9ho f\u00f3ra tak, aby sme z\u00edskali \u010do najv\u00e4\u010d\u0161iu diverzitu a expert\u00edzu. Za v\u00fdberom odbornej verejnosti stoj\u00ed programov\u00e1 rada strat\u00e9gie Bratislava 2030. <br> <br> Ak m\u00e1te z\u00e1ujem zaradi\u0165 sa do datab\u00e1zy odborn\u00edkov, vypl\u0148te pros\u00edm <a aria-label=\"tento formul\u00e1r (otvor\u00ed sa v novej karte)\" rel=\"noreferrer noopener\" href=\"https:\/\/docs.google.com\/forms\/d\/e\/1FAIpQLSel5_-HYVVSoXaBPkyUxmfZcNOAOjKt9dP03NF8AEjYSFVRPA\/viewform\" target=\"_blank\">tento formul\u00e1r<\/a>. <br> V\u00fdstupy a prezent\u00e1cie zo stretnut\u00ed po spracovan\u00ed zverejn\u00edme.<\/p>\n<!-- \/wp:paragraph -->\n\n<!-- wp:gallery {\"ids\":[67,68,69,70,71,72,73,74,75,76],\"columns\":5,\"linkTo\":\"file\"} -->\n<figure class=\"wp-block-gallery columns-5 is-cropped\"><ul class=\"blocks-gallery-grid\"><li class=\"blocks-gallery-item\"><figure><a href=\"http:\/\/bratislava2030.sk\/wp-content\/uploads\/2020\/03\/20200305_115226000_iOS-scaled.jpg\"><img src=\"http:\/\/bratislava2030.sk\/wp-content\/uploads\/2020\/03\/20200305_115226000_iOS-1024x683.jpg\" alt=\"\" data-id=\"67\" data-full-url=\"http:\/\/bratislava2030.sk\/wp-content\/uploads\/2020\/03\/20200305_115226000_iOS-scaled.jpg\" data-link=\"https:\/\/bratislava2030.sk\/?attachment_id=67\" class=\"wp-image-67\"\/><\/a><\/figure><\/li><li class=\"blocks-gallery-item\"><figure><a href=\"http:\/\/bratislava2030.sk\/wp-content\/uploads\/2020\/03\/20200305_120057000_iOS-scaled.jpg\"><img src=\"http:\/\/bratislava2030.sk\/wp-content\/uploads\/2020\/03\/20200305_120057000_iOS-1024x683.jpg\" alt=\"\" data-id=\"68\" data-full-url=\"http:\/\/bratislava2030.sk\/wp-content\/uploads\/2020\/03\/20200305_120057000_iOS-scaled.jpg\" data-link=\"https:\/\/bratislava2030.sk\/?attachment_id=68\" class=\"wp-image-68\"\/><\/a><\/figure><\/li><li class=\"blocks-gallery-item\"><figure><a href=\"http:\/\/bratislava2030.sk\/wp-content\/uploads\/2020\/03\/20200305_120542000_iOS-scaled.jpg\"><img src=\"http:\/\/bratislava2030.sk\/wp-content\/uploads\/2020\/03\/20200305_120542000_iOS-1024x684.jpg\" alt=\"\" data-id=\"69\" data-full-url=\"http:\/\/bratislava2030.sk\/wp-content\/uploads\/2020\/03\/20200305_120542000_iOS-scaled.jpg\" data-link=\"https:\/\/bratislava2030.sk\/?attachment_id=69\" class=\"wp-image-69\"\/><\/a><\/figure><\/li><li class=\"blocks-gallery-item\"><figure><a href=\"http:\/\/bratislava2030.sk\/wp-content\/uploads\/2020\/03\/20200305_121022000_iOS-scaled.jpg\"><img src=\"http:\/\/bratislava2030.sk\/wp-content\/uploads\/2020\/03\/20200305_121022000_iOS-1024x683.jpg\" alt=\"\" data-id=\"70\" data-full-url=\"http:\/\/bratislava2030.sk\/wp-content\/uploads\/2020\/03\/20200305_121022000_iOS-scaled.jpg\" data-link=\"https:\/\/bratislava2030.sk\/?attachment_id=70\" class=\"wp-image-70\"\/><\/a><\/figure><\/li><li class=\"blocks-gallery-item\"><figure><a href=\"http:\/\/bratislava2030.sk\/wp-content\/uploads\/2020\/03\/20200305_121134000_iOS-scaled.jpg\"><img src=\"http:\/\/bratislava2030.sk\/wp-content\/uploads\/2020\/03\/20200305_121134000_iOS-1024x697.jpg\" alt=\"\" data-id=\"71\" data-full-url=\"http:\/\/bratislava2030.sk\/wp-content\/uploads\/2020\/03\/20200305_121134000_iOS-scaled.jpg\" data-link=\"https:\/\/bratislava2030.sk\/?attachment_id=71\" class=\"wp-image-71\"\/><\/a><\/figure><\/li><li class=\"blocks-gallery-item\"><figure><a href=\"http:\/\/bratislava2030.sk\/wp-content\/uploads\/2020\/03\/20200305_121644000_iOS-scaled.jpg\"><img src=\"http:\/\/bratislava2030.sk\/wp-content\/uploads\/2020\/03\/20200305_121644000_iOS-1024x683.jpg\" alt=\"\" data-id=\"72\" data-full-url=\"http:\/\/bratislava2030.sk\/wp-content\/uploads\/2020\/03\/20200305_121644000_iOS-scaled.jpg\" data-link=\"https:\/\/bratislava2030.sk\/?attachment_id=72\" class=\"wp-image-72\"\/><\/a><\/figure><\/li><li class=\"blocks-gallery-item\"><figure><a href=\"http:\/\/bratislava2030.sk\/wp-content\/uploads\/2020\/03\/20200305_122503000_iOS-scaled.jpg\"><img src=\"http:\/\/bratislava2030.sk\/wp-content\/uploads\/2020\/03\/20200305_122503000_iOS-1024x684.jpg\" alt=\"\" data-id=\"73\" data-full-url=\"http:\/\/bratislava2030.sk\/wp-content\/uploads\/2020\/03\/20200305_122503000_iOS-scaled.jpg\" data-link=\"https:\/\/bratislava2030.sk\/?attachment_id=73\" class=\"wp-image-73\"\/><\/a><\/figure><\/li><li class=\"blocks-gallery-item\"><figure><a href=\"http:\/\/bratislava2030.sk\/wp-content\/uploads\/2020\/03\/IMG_5472-scaled.jpg\"><img src=\"http:\/\/bratislava2030.sk\/wp-content\/uploads\/2020\/03\/IMG_5472-1024x683.jpg\" alt=\"\" data-id=\"74\" data-full-url=\"http:\/\/bratislava2030.sk\/wp-content\/uploads\/2020\/03\/IMG_5472-scaled.jpg\" data-link=\"https:\/\/bratislava2030.sk\/?attachment_id=74\" class=\"wp-image-74\"\/><\/a><\/figure><\/li><li class=\"blocks-gallery-item\"><figure><a href=\"http:\/\/bratislava2030.sk\/wp-content\/uploads\/2020\/03\/IMG_5473-scaled.jpg\"><img src=\"http:\/\/bratislava2030.sk\/wp-content\/uploads\/2020\/03\/IMG_5473-1024x660.jpg\" alt=\"\" data-id=\"75\" data-full-url=\"http:\/\/bratislava2030.sk\/wp-content\/uploads\/2020\/03\/IMG_5473-scaled.jpg\" data-link=\"https:\/\/bratislava2030.sk\/?attachment_id=75\" class=\"wp-image-75\"\/><\/a><\/figure><\/li><li class=\"blocks-gallery-item\"><figure><a href=\"http:\/\/bratislava2030.sk\/wp-content\/uploads\/2020\/03\/IMG_5475-scaled.jpg\"><img src=\"http:\/\/bratislava2030.sk\/wp-content\/uploads\/2020\/03\/IMG_5475-1024x690.jpg\" alt=\"\" data-id=\"76\" data-full-url=\"http:\/\/bratislava2030.sk\/wp-content\/uploads\/2020\/03\/IMG_5475-scaled.jpg\" data-link=\"https:\/\/bratislava2030.sk\/?attachment_id=76\" class=\"wp-image-76\"\/><\/a><\/figure><\/li><\/ul><\/figure>\n<!-- \/wp:gallery -->\n\n<!-- wp:heading {\"textAlign\":\"center\",\"level\":3} -->\n<h3 class=\"has-text-align-center\">Viac fotiek v <a href=\"https:\/\/bratislava2030.sk\/galeria-metropolitne-forum-i\/\">gal\u00e9rii<\/a><\/h3>\n<!-- \/wp:heading -->\n\n<!-- wp:separator -->\n<hr class=\"wp-block-separator\"\/>\n<!-- \/wp:separator -->\n\n<!-- wp:embed {\"url\":\"https:\/\/youtu.be\/g_CNIYHdGA8\",\"type\":\"video\",\"providerNameSlug\":\"youtube\",\"responsive\":true,\"className\":\"wp-embed-aspect-16-9 wp-has-aspect-ratio\"} -->\n<figure class=\"wp-block-embed is-type-video is-provider-youtube wp-block-embed-youtube wp-embed-aspect-16-9 wp-has-aspect-ratio\"><div class=\"wp-block-embed__wrapper\">\nhttps:\/\/youtu.be\/g_CNIYHdGA8\n<\/div><figcaption>Videoz\u00e1znam<\/figcaption><\/figure>\n<!-- \/wp:embed -->\n\n<!-- wp:buttons -->\n<div class=\"wp-block-buttons\"><!-- wp:button -->\n<div class=\"wp-block-button\"><a class=\"wp-block-button__link\" href=\"https:\/\/bratislava2030.sk\/metropolitne-forum\/dokumenty\/\" target=\"_blank\" rel=\"noreferrer noopener\">Dokumenty<\/a><\/div>\n<!-- \/wp:button --><\/div>\n<!-- \/wp:buttons -->\n\n<!-- wp:paragraph -->\n<p><\/p>\n<!-- \/wp:paragraph -->","_et_gb_content_width":"","inline_featured_image":false},"categories":[4],"tags":[6],"yoast_head":"<!-- This site is optimized with the Yoast SEO plugin v20.13 - https:\/\/yoast.com\/wordpress\/plugins\/seo\/ -->\n<title>Metropolitn\u00e9 f\u00f3rum I - Bratislava 2030<\/title>\n<meta name=\"robots\" content=\"index, follow, max-snippet:-1, max-image-preview:large, max-video-preview:-1\" \/>\n<link rel=\"canonical\" href=\"https:\/\/bratislava2030.sk\/en\/prve-metropolitne-forum-otvorilo-diskusiu-o-plane-bratislava-2030\/\" \/>\n<meta property=\"og:locale\" content=\"en_US\" \/>\n<meta property=\"og:type\" content=\"article\" \/>\n<meta property=\"og:title\" content=\"Metropolitn\u00e9 f\u00f3rum I - Bratislava 2030\" \/>\n<meta property=\"og:description\" content=\"Prv\u00e9 Metropolitn\u00e9 f\u00f3rum otvorilo diskusiu o strat\u00e9gii Bratislava 2030\" \/>\n<meta property=\"og:url\" content=\"https:\/\/bratislava2030.sk\/en\/prve-metropolitne-forum-otvorilo-diskusiu-o-plane-bratislava-2030\/\" \/>\n<meta property=\"og:site_name\" content=\"Bratislava 2030\" \/>\n<meta property=\"article:published_time\" content=\"2020-03-06T10:52:27+00:00\" \/>\n<meta property=\"article:modified_time\" content=\"2021-09-23T14:16:08+00:00\" \/>\n<meta property=\"og:image\" content=\"https:\/\/bratislava2030.sk\/wp-content\/uploads\/2020\/03\/20200305_121538000_iOS-scaled.jpg\" \/>\n\t<meta property=\"og:image:width\" content=\"2560\" \/>\n\t<meta property=\"og:image:height\" content=\"1710\" \/>\n\t<meta property=\"og:image:type\" content=\"image\/jpeg\" \/>\n<meta name=\"author\" content=\"T\u00edm Bratislava 2030\" \/>\n<meta name=\"twitter:card\" content=\"summary_large_image\" \/>\n<meta name=\"twitter:label1\" content=\"Written by\" \/>\n\t<meta name=\"twitter:data1\" content=\"T\u00edm Bratislava 2030\" \/>\n\t<meta name=\"twitter:label2\" content=\"Est. reading time\" \/>\n\t<meta name=\"twitter:data2\" content=\"4 minutes\" \/>\n<script type=\"application\/ld+json\" class=\"yoast-schema-graph\">{\"@context\":\"https:\/\/schema.org\",\"@graph\":[{\"@type\":\"WebPage\",\"@id\":\"https:\/\/bratislava2030.sk\/prve-metropolitne-forum-otvorilo-diskusiu-o-plane-bratislava-2030\/\",\"url\":\"https:\/\/bratislava2030.sk\/prve-metropolitne-forum-otvorilo-diskusiu-o-plane-bratislava-2030\/\",\"name\":\"Metropolitn\u00e9 f\u00f3rum I - Bratislava 2030\",\"isPartOf\":{\"@id\":\"https:\/\/bratislava2030.sk\/#website\"},\"datePublished\":\"2020-03-06T10:52:27+00:00\",\"dateModified\":\"2021-09-23T14:16:08+00:00\",\"author\":{\"@id\":\"https:\/\/bratislava2030.sk\/#\/schema\/person\/ce52a3b8325e876459ea2dbe2d5698ee\"},\"breadcrumb\":{\"@id\":\"https:\/\/bratislava2030.sk\/prve-metropolitne-forum-otvorilo-diskusiu-o-plane-bratislava-2030\/#breadcrumb\"},\"inLanguage\":\"en-US\",\"potentialAction\":[{\"@type\":\"ReadAction\",\"target\":[\"https:\/\/bratislava2030.sk\/prve-metropolitne-forum-otvorilo-diskusiu-o-plane-bratislava-2030\/\"]}]},{\"@type\":\"BreadcrumbList\",\"@id\":\"https:\/\/bratislava2030.sk\/prve-metropolitne-forum-otvorilo-diskusiu-o-plane-bratislava-2030\/#breadcrumb\",\"itemListElement\":[{\"@type\":\"ListItem\",\"position\":1,\"name\":\"Home\",\"item\":\"https:\/\/bratislava2030.sk\/\"},{\"@type\":\"ListItem\",\"position\":2,\"name\":\"Metropolitn\u00e9 f\u00f3rum I\"}]},{\"@type\":\"WebSite\",\"@id\":\"https:\/\/bratislava2030.sk\/#website\",\"url\":\"https:\/\/bratislava2030.sk\/\",\"name\":\"Bratislava 2030\",\"description\":\"Bratislava 2030 pos\u00fava hlavn\u00e9 mesto Slovenska do \u010fal\u0161ieho desa\u0165ro\u010dia\",\"potentialAction\":[{\"@type\":\"SearchAction\",\"target\":{\"@type\":\"EntryPoint\",\"urlTemplate\":\"https:\/\/bratislava2030.sk\/?s={search_term_string}\"},\"query-input\":\"required name=search_term_string\"}],\"inLanguage\":\"en-US\"},{\"@type\":\"Person\",\"@id\":\"https:\/\/bratislava2030.sk\/#\/schema\/person\/ce52a3b8325e876459ea2dbe2d5698ee\",\"name\":\"T\u00edm Bratislava 2030\",\"image\":{\"@type\":\"ImageObject\",\"inLanguage\":\"en-US\",\"@id\":\"https:\/\/bratislava2030.sk\/#\/schema\/person\/image\/\",\"url\":\"https:\/\/secure.gravatar.com\/avatar\/117de88d0adf789960aa8c30a5135f45?s=96&d=blank&r=g\",\"contentUrl\":\"https:\/\/secure.gravatar.com\/avatar\/117de88d0adf789960aa8c30a5135f45?s=96&d=blank&r=g\",\"caption\":\"T\u00edm Bratislava 2030\"},\"url\":\"https:\/\/bratislava2030.sk\/en\/author\/orol\/\"}]}<\/script>\n<!-- \/ Yoast SEO plugin. -->","yoast_head_json":{"title":"Metropolitn\u00e9 f\u00f3rum I - Bratislava 2030","robots":{"index":"index","follow":"follow","max-snippet":"max-snippet:-1","max-image-preview":"max-image-preview:large","max-video-preview":"max-video-preview:-1"},"canonical":"https:\/\/bratislava2030.sk\/en\/prve-metropolitne-forum-otvorilo-diskusiu-o-plane-bratislava-2030\/","og_locale":"en_US","og_type":"article","og_title":"Metropolitn\u00e9 f\u00f3rum I - Bratislava 2030","og_description":"Prv\u00e9 Metropolitn\u00e9 f\u00f3rum otvorilo diskusiu o strat\u00e9gii Bratislava 2030","og_url":"https:\/\/bratislava2030.sk\/en\/prve-metropolitne-forum-otvorilo-diskusiu-o-plane-bratislava-2030\/","og_site_name":"Bratislava 2030","article_published_time":"2020-03-06T10:52:27+00:00","article_modified_time":"2021-09-23T14:16:08+00:00","og_image":[{"width":2560,"height":1710,"url":"https:\/\/bratislava2030.sk\/wp-content\/uploads\/2020\/03\/20200305_121538000_iOS-scaled.jpg","type":"image\/jpeg"}],"author":"T\u00edm Bratislava 2030","twitter_card":"summary_large_image","twitter_misc":{"Written by":"T\u00edm Bratislava 2030","Est. reading time":"4 minutes"},"schema":{"@context":"https:\/\/schema.org","@graph":[{"@type":"WebPage","@id":"https:\/\/bratislava2030.sk\/prve-metropolitne-forum-otvorilo-diskusiu-o-plane-bratislava-2030\/","url":"https:\/\/bratislava2030.sk\/prve-metropolitne-forum-otvorilo-diskusiu-o-plane-bratislava-2030\/","name":"Metropolitn\u00e9 f\u00f3rum I - Bratislava 2030","isPartOf":{"@id":"https:\/\/bratislava2030.sk\/#website"},"datePublished":"2020-03-06T10:52:27+00:00","dateModified":"2021-09-23T14:16:08+00:00","author":{"@id":"https:\/\/bratislava2030.sk\/#\/schema\/person\/ce52a3b8325e876459ea2dbe2d5698ee"},"breadcrumb":{"@id":"https:\/\/bratislava2030.sk\/prve-metropolitne-forum-otvorilo-diskusiu-o-plane-bratislava-2030\/#breadcrumb"},"inLanguage":"en-US","potentialAction":[{"@type":"ReadAction","target":["https:\/\/bratislava2030.sk\/prve-metropolitne-forum-otvorilo-diskusiu-o-plane-bratislava-2030\/"]}]},{"@type":"BreadcrumbList","@id":"https:\/\/bratislava2030.sk\/prve-metropolitne-forum-otvorilo-diskusiu-o-plane-bratislava-2030\/#breadcrumb","itemListElement":[{"@type":"ListItem","position":1,"name":"Home","item":"https:\/\/bratislava2030.sk\/"},{"@type":"ListItem","position":2,"name":"Metropolitn\u00e9 f\u00f3rum I"}]},{"@type":"WebSite","@id":"https:\/\/bratislava2030.sk\/#website","url":"https:\/\/bratislava2030.sk\/","name":"Bratislava 2030","description":"Bratislava 2030 pos\u00fava hlavn\u00e9 mesto Slovenska do \u010fal\u0161ieho desa\u0165ro\u010dia","potentialAction":[{"@type":"SearchAction","target":{"@type":"EntryPoint","urlTemplate":"https:\/\/bratislava2030.sk\/?s={search_term_string}"},"query-input":"required name=search_term_string"}],"inLanguage":"en-US"},{"@type":"Person","@id":"https:\/\/bratislava2030.sk\/#\/schema\/person\/ce52a3b8325e876459ea2dbe2d5698ee","name":"T\u00edm Bratislava 2030","image":{"@type":"ImageObject","inLanguage":"en-US","@id":"https:\/\/bratislava2030.sk\/#\/schema\/person\/image\/","url":"https:\/\/secure.gravatar.com\/avatar\/117de88d0adf789960aa8c30a5135f45?s=96&d=blank&r=g","contentUrl":"https:\/\/secure.gravatar.com\/avatar\/117de88d0adf789960aa8c30a5135f45?s=96&d=blank&r=g","caption":"T\u00edm Bratislava 2030"},"url":"https:\/\/bratislava2030.sk\/en\/author\/orol\/"}]}},"_links":{"self":[{"href":"https:\/\/bratislava2030.sk\/en\/wp-json\/wp\/v2\/posts\/66"}],"collection":[{"href":"https:\/\/bratislava2030.sk\/en\/wp-json\/wp\/v2\/posts"}],"about":[{"href":"https:\/\/bratislava2030.sk\/en\/wp-json\/wp\/v2\/types\/post"}],"author":[{"embeddable":true,"href":"https:\/\/bratislava2030.sk\/en\/wp-json\/wp\/v2\/users\/1"}],"replies":[{"embeddable":true,"href":"https:\/\/bratislava2030.sk\/en\/wp-json\/wp\/v2\/comments?post=66"}],"version-history":[{"count":6,"href":"https:\/\/bratislava2030.sk\/en\/wp-json\/wp\/v2\/posts\/66\/revisions"}],"predecessor-version":[{"id":702,"href":"https:\/\/bratislava2030.sk\/en\/wp-json\/wp\/v2\/posts\/66\/revisions\/702"}],"wp:featuredmedia":[{"embeddable":true,"href":"https:\/\/bratislava2030.sk\/en\/wp-json\/wp\/v2\/media\/155"}],"wp:attachment":[{"href":"https:\/\/bratislava2030.sk\/en\/wp-json\/wp\/v2\/media?parent=66"}],"wp:term":[{"taxonomy":"category","embeddable":true,"href":"https:\/\/bratislava2030.sk\/en\/wp-json\/wp\/v2\/categories?post=66"},{"taxonomy":"post_tag","embeddable":true,"href":"https:\/\/bratislava2030.sk\/en\/wp-json\/wp\/v2\/tags?post=66"}],"curies":[{"name":"wp","href":"https:\/\/api.w.org\/{rel}","templated":true}]}}