{"id":687,"date":"2021-09-23T14:53:28","date_gmt":"2021-09-23T12:53:28","guid":{"rendered":"https:\/\/bratislava2030.sk\/?p=687"},"modified":"2021-09-23T16:20:36","modified_gmt":"2021-09-23T14:20:36","slug":"metropolitne-forum-bratislava-2030","status":"publish","type":"post","link":"https:\/\/bratislava2030.sk\/en\/metropolitne-forum-bratislava-2030\/","title":{"rendered":"Metropolitn\u00e9 f\u00f3rum Bratislava 2030"},"content":{"rendered":"<p>[et_pb_section fb_built=&#8220;1&#8243; _builder_version=&#8220;4.10.2&#8243; _module_preset=&#8220;default&#8220; custom_padding=&#8220;40px||40px||true|false&#8220; global_colors_info=&#8220;{}&#8220;][et_pb_row _builder_version=&#8220;4.10.2&#8243; _module_preset=&#8220;default&#8220; global_colors_info=&#8220;{}&#8220;][et_pb_column type=&#8220;4_4&#8243; _builder_version=&#8220;4.10.2&#8243; _module_preset=&#8220;default&#8220; global_colors_info=&#8220;{}&#8220;][et_pb_text _builder_version=&#8220;4.10.2&#8243; _module_preset=&#8220;default&#8220; text_font=&#8220;||||||||&#8220; global_colors_info=&#8220;{}&#8220;]<\/p>\n<h1>Po\u010fte s nami tvori\u0165 bud\u00facnos\u0165 Bratislavy<\/h1>\n<p>[\/et_pb_text][et_pb_image src=&#8220;http:\/\/bratislava2030.sk\/wp-content\/uploads\/2021\/09\/MicrosoftTeams-image-11.jpg&#8220; title_text=&#8220;MicrosoftTeams-image (11)&#8220; _builder_version=&#8220;4.10.2&#8243; _module_preset=&#8220;default&#8220; global_colors_info=&#8220;{}&#8220;][\/et_pb_image][et_pb_text _builder_version=&#8220;4.10.2&#8243; _module_preset=&#8220;default&#8220; global_colors_info=&#8220;{}&#8220;]<\/p>\n<div class=\"o9v6fnle cxmmr5t8 oygrvhab hcukyx3x c1et5uql\">\n<p>U\u017e od roku 2019 skupina odborn\u00edkov tvor\u00ed pl\u00e1n, ako bude na\u0161e mesto vyzera\u0165 v roku 2030. Tentokr\u00e1t to rob\u00edme inak, nebude to dokument do \u0161ufl\u00edka. Zap\u00e1jame nielen \u013eud\u00ed z mesta, ale aj odborn\u00edkov na jednotliv\u00e1 oblasti, komunity, akademick\u00fd sektor, neziskovky a najm\u00e4 akt\u00edvnych ob\u010danov. Chceme, aby sme pl\u00e1n pre na\u0161e mesto Bratislava 2030 urobili spolo\u010dne.<\/p>\n<p>Priebe\u017en\u00e9 v\u00fdsledky pr\u00e1ce a uva\u017eovanie pracovn\u00fdch skup\u00edn v\u00e1m chceme uk\u00e1za\u0165 na Metropolitnom f\u00f3re, aby ste si ich mohli nielen v online prenose vypo\u010du\u0165, ale sa aj p\u00fdta\u0165, komentova\u0165 a prinies\u0165 va\u0161e podnety. M\u00f4\u017eete to tie\u017e spravi\u0165 cez online dotazn\u00edk na\u00a0<a class=\"oajrlxb2 g5ia77u1 qu0x051f esr5mh6w e9989ue4 r7d6kgcz rq0escxv nhd2j8a9 nc684nl6 p7hjln8o kvgmc6g5 cxmmr5t8 oygrvhab hcukyx3x jb3vyjys rz4wbd8a qt6c0cv9 a8nywdso i1ao9s8h esuyzwwr f1sip0of lzcic4wl py34i1dx gpro0wi8\" href=\"https:\/\/bratislava2030.sk\/en\/?fbclid=IwAR0BjUCi3CnmSQHcivnLhOI-8lOkCG0iAsMhXgiAs3rJDF5dmdv8dSqrUUE\" rel=\"nofollow noopener\" role=\"link\" target=\"_blank\" tabindex=\"0\">www.bratislava2030.sk<\/a><\/p>\n<p>Metropolitne f\u00f3rum sa uskuto\u010dn\u00ed 27. a 30. septembra 2021 formou verejn\u00e9ho online streamu na <a href=\"https:\/\/www.youtube.com\/channel\/UCPXOMBVunnnq4rtiJm-vAVw\">YouTube Metropolitn\u00e9ho in\u0161tit\u00fatu Bratislavy. <\/a><\/p>\n<p><span>Po\u010das Metropolitn\u00e9ho f\u00f3ra budete m\u00f4c\u0165 poklada\u0165 va\u0161e ot\u00e1zky cez sli.do (k\u00f3d zverejn\u00edme \u010doskoro).<\/span><\/p>\n<\/div>\n<p>[\/et_pb_text][\/et_pb_column][\/et_pb_row][\/et_pb_section][et_pb_section fb_built=&#8220;1&#8243; _builder_version=&#8220;4.10.2&#8243; _module_preset=&#8220;default&#8220; custom_padding=&#8220;20px||20px||false|false&#8220; global_colors_info=&#8220;{}&#8220;][et_pb_row _builder_version=&#8220;4.10.2&#8243; _module_preset=&#8220;default&#8220; global_colors_info=&#8220;{}&#8220;][et_pb_column type=&#8220;4_4&#8243; _builder_version=&#8220;4.10.2&#8243; _module_preset=&#8220;default&#8220; global_colors_info=&#8220;{}&#8220;][et_pb_text _builder_version=&#8220;4.10.2&#8243; _module_preset=&#8220;default&#8220; global_colors_info=&#8220;{}&#8220;]<\/p>\n<h1><span>Program 27.9.\u00a0<\/span><\/h1>\n<p>[\/et_pb_text][\/et_pb_column][\/et_pb_row][et_pb_row column_structure=&#8220;1_2,1_2&#8243; use_custom_gutter=&#8220;on&#8220; gutter_width=&#8220;2&#8243; _builder_version=&#8220;4.10.2&#8243; _module_preset=&#8220;default&#8220; global_colors_info=&#8220;{}&#8220;][et_pb_column type=&#8220;1_2&#8243; _builder_version=&#8220;4.10.2&#8243; _module_preset=&#8220;default&#8220; global_colors_info=&#8220;{}&#8220;][et_pb_text _builder_version=&#8220;4.10.2&#8243; _module_preset=&#8220;default&#8220; custom_padding=&#8220;0px|||||&#8220; global_colors_info=&#8220;{}&#8220;]<\/p>\n<div class=\"o9v6fnle cxmmr5t8 oygrvhab hcukyx3x c1et5uql\"><span style=\"color: #f2706d;\">13:00 \u2013 13:15<\/span><\/div>\n<div class=\"o9v6fnle cxmmr5t8 oygrvhab hcukyx3x c1et5uql\">\n<p><strong>Sl\u00e1vnostn\u00e9 uvedenie, otvorenie (Mat\u00fa\u0161 Vallo, prim\u00e1tor Bratislavy)<\/strong><\/p>\n<p><strong>\u00davodn\u00e1 prezent\u00e1cia Pl\u00e1n Bratislava 2030<\/strong><br \/><strong>(Eduard Donauer)<\/strong><br \/>Obozn\u00e1mte sa s procesom pr\u00edpravy strategick\u00e9ho dokumentu, jeho \u00fa\u010delom a prepojen\u00edm na Agendu udr\u017eate\u013en\u00e9ho rozvoja do roku 2030 podporovan\u00fa okrem in\u00e9ho aj v r\u00e1mci nov\u00e9ho programov\u00e9ho obdobia eur\u00f3pskej koh\u00e9znej politiky na roky 2021-2027.<\/p>\n<\/div>\n<p>[\/et_pb_text][et_pb_text _builder_version=&#8220;4.10.2&#8243; _module_preset=&#8220;default&#8220; global_colors_info=&#8220;{}&#8220;]<\/p>\n<div class=\"o9v6fnle cxmmr5t8 oygrvhab hcukyx3x c1et5uql\">\n<p><span style=\"color: #f2706d;\">13:15 \u2013 14:05<\/span><br \/><span style=\"color: #f2706d;\">Prezenta\u010dn\u00fd blok<\/span><\/p>\n<p><strong>Mestsk\u00fd a \u00fazemn\u00fd rozvoj (Juraj \u0160ujan)<\/strong> Bratislava v roku 2030 ako dynamick\u00e9 centrum metropolitn\u00e9ho regi\u00f3nu, budovan\u00e9 pod\u013ea z\u00e1sad Metropolitn\u00e9ho pl\u00e1nu, koncep\u010dne rozv\u00edjan\u00e9 ako kompaktn\u00e9, funk\u010dne zmie\u0161an\u00e9 mesto s kvalitn\u00fdmi verejn\u00fdmi priestormi, funguj\u00facou dopravou a dostatkom zelene, postupne pripravovan\u00e9 na zmenu kl\u00edmy. Kult\u00fara,<\/p>\n<p><strong>Cestovn\u00fd ruch (Zuzana Iva\u0161kov\u00e1)<\/strong><br \/>Mesto rozv\u00edjaj\u00face kult\u00farne zdroje \u00fazemia, investuj\u00face do ich udr\u017eate\u013enosti a odolnosti, poskytuj\u00face kvalitn\u00e9 kult\u00farne slu\u017eby a chr\u00e1niace svoje kult\u00farne dedi\u010dstvo.<\/p>\n<\/div>\n<p>[\/et_pb_text][\/et_pb_column][et_pb_column type=&#8220;1_2&#8243; _builder_version=&#8220;4.10.2&#8243; _module_preset=&#8220;default&#8220; global_colors_info=&#8220;{}&#8220;][et_pb_text _builder_version=&#8220;4.10.2&#8243; _module_preset=&#8220;default&#8220; global_colors_info=&#8220;{}&#8220;]<\/p>\n<p><strong>Cestovn\u00fd ruch (\u013dudmila Novack\u00e1)<\/strong><br \/>Mesto, ktor\u00e9 je atrakt\u00edvne a pr\u00edjemn\u00e9 pre obyvate\u013eov a obyvate\u013eky pri\u0165ahuje aj zahrani\u010dn\u00e9 n\u00e1v\u0161tevy.<\/p>\n<p><strong>Technick\u00e1 infra\u0161trukt\u00fara (Juraj Nyulassy)<\/strong> Mesto, ktor\u00e9 vyu\u017e\u00edva inovat\u00edvne a inteligentn\u00e9 rie\u0161enia, buduje infra\u0161trukt\u00faru pre zav\u00e1dzanie nov\u00fdch slu\u017eieb a svoje rozhodnutia kon\u00e1 na z\u00e1klade d\u00e1t.<\/p>\n<p>[\/et_pb_text][et_pb_text _builder_version=&#8220;4.10.2&#8243; _module_preset=&#8220;default&#8220; hover_enabled=&#8220;0&#8243; global_colors_info=&#8220;{}&#8220; sticky_enabled=&#8220;0&#8243;]<\/p>\n<div class=\"o9v6fnle cxmmr5t8 oygrvhab hcukyx3x c1et5uql\">\n<p><span style=\"color: #f2706d;\">16:05 \u2013 16:35<\/span><br \/><span style=\"color: #f2706d;\">Prezenta\u010dn\u00fd blok<\/span><\/p>\n<p><strong>\u017divotn\u00e9 prostredie (Eva Streberov\u00e1)<br \/><\/strong> Bratislava ako zelen\u00e9 mesto so zdrav\u00fdmi obyvate\u013emi, udr\u017eate\u013en\u00fdmi sp\u00f4sobmi dopravy, lep\u0161ou kvalitou ovzdu\u0161ia, ktor\u00e1 je schopn\u00e1 odol\u00e1va\u0165 r\u00f4znym kr\u00edzam.<\/p>\n<p><strong>\u0160port (Miroslav Chmel\u00e1r)<\/strong><br \/>Bratislava ako mesto, ktor\u00e9 umo\u017em\u00ed \u010do najzdrav\u0161\u00ed a naj\u0161\u0165astnej\u0161\u00ed \u017eivot \u010do najv\u00e4\u010d\u0161ieho po\u010dtu \u013eud\u00ed aj v\u010faka pr\u00edvetiv\u00fdm podmienkam pre pravideln\u00fa pohybov\u00fa aktivitu v zariadeniach alebo verejnom priestore mesta.<\/p>\n<p><span style=\"color: #f2706d;\">16:35<\/span><\/p>\n<p><strong>Q&amp;A<\/strong><\/p>\n<\/div>\n<p>[\/et_pb_text][\/et_pb_column][\/et_pb_row][\/et_pb_section][et_pb_section fb_built=&#8220;1&#8243; _builder_version=&#8220;4.10.2&#8243; _module_preset=&#8220;default&#8220; custom_padding=&#8220;20px||20px||false|false&#8220; global_colors_info=&#8220;{}&#8220;][et_pb_row _builder_version=&#8220;4.10.2&#8243; _module_preset=&#8220;default&#8220; global_colors_info=&#8220;{}&#8220;][et_pb_column type=&#8220;4_4&#8243; _builder_version=&#8220;4.10.2&#8243; _module_preset=&#8220;default&#8220; global_colors_info=&#8220;{}&#8220;][et_pb_text _builder_version=&#8220;4.10.2&#8243; _module_preset=&#8220;default&#8220; global_colors_info=&#8220;{}&#8220;]<\/p>\n<h1><span>Program 30.9. <\/span><\/h1>\n<p>[\/et_pb_text][\/et_pb_column][\/et_pb_row][et_pb_row column_structure=&#8220;1_2,1_2&#8243; use_custom_gutter=&#8220;on&#8220; gutter_width=&#8220;2&#8243; _builder_version=&#8220;4.10.2&#8243; _module_preset=&#8220;default&#8220; global_colors_info=&#8220;{}&#8220;][et_pb_column type=&#8220;1_2&#8243; _builder_version=&#8220;4.10.2&#8243; _module_preset=&#8220;default&#8220; global_colors_info=&#8220;{}&#8220;][et_pb_text _builder_version=&#8220;4.10.2&#8243; _module_preset=&#8220;default&#8220; custom_padding=&#8220;0px|||||&#8220; global_colors_info=&#8220;{}&#8220;]<\/p>\n<div class=\"o9v6fnle cxmmr5t8 oygrvhab hcukyx3x c1et5uql\"><span style=\"color: #f2706d;\">13:00 \u2013 13:15<\/span><\/div>\n<div class=\"o9v6fnle cxmmr5t8 oygrvhab hcukyx3x c1et5uql\">\n<p><strong>Sl\u00e1vnostn\u00e9 uvedenie, otvorenie (Mat\u00fa\u0161 Vallo, prim\u00e1tor Bratislavy)<\/strong><\/p>\n<p><strong>\u00davodn\u00e1 prezent\u00e1cia Pl\u00e1n Bratislava 2030<\/strong><br \/><strong>(Eduard Donauer)<\/strong><br \/><span>Obozn\u00e1mte sa s procesom pr\u00edpravy strategick\u00e9ho dokumentu, jeho \u00fa\u010delom a prepojen\u00edm na Agendu udr\u017eate\u013en\u00e9ho rozvoja do roku 2030 podporovan\u00fa okrem in\u00e9ho aj v r\u00e1mci nov\u00e9ho programov\u00e9ho obdobia eur\u00f3pskej koh\u00e9znej politiky na roky 2021-2027.<\/span><\/p>\n<\/div>\n<p>[\/et_pb_text][et_pb_text _builder_version=&#8220;4.10.2&#8243; _module_preset=&#8220;default&#8220; global_colors_info=&#8220;{}&#8220;]<\/p>\n<div class=\"o9v6fnle cxmmr5t8 oygrvhab hcukyx3x c1et5uql\">\n<p><span style=\"color: #f2706d;\">13:15 \u2013 14:00<\/span><br \/><span style=\"color: #f2706d;\">Prezenta\u010dn\u00fd blok<\/span><\/p>\n<p><strong>Ekonomick\u00fd rozvoj a usporiadanie mesta (Mat\u00fa\u0161 Lupt\u00e1k)<\/strong><br \/><span>Ekonomicky siln\u00e1 Bratislavu, ktor\u00e1 bude z\u00e1rove\u0148 transparentn\u00e1 a so svojimi financiami bude naklada\u0165 efekt\u00edvne. Prezentuje ambici\u00f3zny pl\u00e1n zl\u00fa\u010denia vybran\u00fdch kompetenci\u00ed na \u00farovni mesta s cie\u013eom vytvorenia metropolitn\u00e9ho regi\u00f3nu.<\/span><\/p>\n<p><strong>Vzdel\u00e1vanie (Ema Tesar\u010d\u00edkov\u00e1)<\/strong><br \/><span>Mesto, ktor\u00e9 podporuje inkluz\u00edvne, inovat\u00edvne a celo\u017eivotn\u00e9 vzdel\u00e1vanie. Malo by vystupova\u0165 ako koordin\u00e1tor a medi\u00e1tor vo vzdel\u00e1vacom procese a vytv\u00e1ra\u0165 sie\u0165 vzdel\u00e1vac\u00edch in\u0161tit\u00faci\u00ed v prospech ich synergie.<\/span><\/p>\n<\/div>\n<p>[\/et_pb_text][\/et_pb_column][et_pb_column type=&#8220;1_2&#8243; _builder_version=&#8220;4.10.2&#8243; _module_preset=&#8220;default&#8220; global_colors_info=&#8220;{}&#8220;][et_pb_text _builder_version=&#8220;4.10.2&#8243; _module_preset=&#8220;default&#8220; global_colors_info=&#8220;{}&#8220;]<\/p>\n<p><strong>Rozvoj mestsk\u00fdch in\u0161tit\u00faci\u00ed (Martin Koll\u00e1rik)<\/strong><br \/><span>Realiz\u00e1cia projektov pod\u013ea projektov\u00fdch \u0161tandardov, rozvoj informa\u010dn\u00fdch a digit\u00e1lnych technol\u00f3gi\u00ed s cie\u013eom zni\u017eovania administrat\u00edvnej z\u00e1\u0165a\u017ee, performance mana\u017ement, dostatok d\u00e1t k informovan\u00fdm rozhodnutiam a rozvoj a v\u00fdkonnos\u0165 mestsk\u00fdch podnikov.<\/span><\/p>\n<p>[\/et_pb_text][et_pb_text _builder_version=&#8220;4.10.2&#8243; _module_preset=&#8220;default&#8220; global_colors_info=&#8220;{}&#8220;]<\/p>\n<div class=\"o9v6fnle cxmmr5t8 oygrvhab hcukyx3x c1et5uql\">\n<p><span style=\"color: #f2706d;\">14:00<\/span><\/p>\n<p><strong>Q&amp;A<\/strong><\/p>\n<\/div>\n<p>[\/et_pb_text][et_pb_text _builder_version=&#8220;4.10.2&#8243; _module_preset=&#8220;default&#8220; hover_enabled=&#8220;0&#8243; global_colors_info=&#8220;{}&#8220; sticky_enabled=&#8220;0&#8243;]<\/p>\n<div class=\"o9v6fnle cxmmr5t8 oygrvhab hcukyx3x c1et5uql\">\n<p><span style=\"color: #f2706d;\">15:55 \u2013 16:25<\/span><br \/><span style=\"color: #f2706d;\">Prezenta\u010dn\u00fd blok<\/span><\/p>\n<p><strong>Mobilita (Roman Alberty)<\/strong><br \/><span>Koncep\u010dn\u00fd rozvoj dopravn\u00fdch syst\u00e9mov tak, aby boli environment\u00e1lne a finan\u010dne udr\u017eate\u013en\u00e9, a u\u017e\u00edvate\u013esky atrakt\u00edvne. Medzi zva\u017eovan\u00e9 aktivity patr\u00ed rozvoj elektri\u010dkovej dopravy, cyklistickej infra\u0161trukt\u00fary, budovanie P+R syst\u00e9mov.<\/span><\/p>\n<p><strong>Soci\u00e1lne veci (Miriam Kaniokov\u00e1)<\/strong><br \/><span>Zabezpe\u010denie dostupnej dom\u00e1cej opatrovate\u013eskej slu\u017eby a pobytov\u00fdch soci\u00e1lnych slu\u017eieb pre star\u0161\u00edch, budovanie bezbari\u00e9rov\u00fdch okruhov, stabiln\u00e9 n\u00edzkoprahov\u00e9 slu\u017eby pre deti a rodinu, prevencia zmier\u0148ovanie dopadov bezdomovectva.<\/span><\/p>\n<p><span style=\"color: #f2706d;\">16:25<\/span><\/p>\n<p><strong>Q&amp;A<\/strong><\/p>\n<\/div>\n<p>[\/et_pb_text][\/et_pb_column][\/et_pb_row][\/et_pb_section]<\/p>","protected":false},"excerpt":{"rendered":"<p>Po\u010fte s nami tvori\u0165 bud\u00facnos\u0165 Bratislavy U\u017e od roku 2019 skupina odborn\u00edkov tvor\u00ed pl\u00e1n, ako bude na\u0161e mesto vyzera\u0165 v roku 2030. Tentokr\u00e1t to rob\u00edme inak, nebude to dokument do \u0161ufl\u00edka. Zap\u00e1jame nielen \u013eud\u00ed z mesta, ale aj odborn\u00edkov na jednotliv\u00e1 oblasti, komunity, akademick\u00fd sektor, neziskovky a najm\u00e4 akt\u00edvnych ob\u010danov. Chceme, aby sme pl\u00e1n pre [&hellip;]<\/p>","protected":false},"author":1,"featured_media":690,"comment_status":"closed","ping_status":"open","sticky":false,"template":"","format":"standard","meta":{"_et_pb_use_builder":"on","_et_pb_old_content":"","_et_gb_content_width":"","inline_featured_image":false},"categories":[4],"tags":[],"yoast_head":"<!-- This site is optimized with the Yoast SEO plugin v20.13 - https:\/\/yoast.com\/wordpress\/plugins\/seo\/ -->\n<title>Metropolitn\u00e9 f\u00f3rum Bratislava 2030 - Bratislava 2030<\/title>\n<meta name=\"robots\" content=\"index, follow, max-snippet:-1, max-image-preview:large, max-video-preview:-1\" \/>\n<link rel=\"canonical\" href=\"https:\/\/bratislava2030.sk\/en\/metropolitne-forum-bratislava-2030\/\" \/>\n<meta property=\"og:locale\" content=\"en_US\" \/>\n<meta property=\"og:type\" content=\"article\" \/>\n<meta property=\"og:title\" content=\"Metropolitn\u00e9 f\u00f3rum Bratislava 2030 - Bratislava 2030\" \/>\n<meta property=\"og:description\" content=\"Po\u010fte s nami tvori\u0165 bud\u00facnos\u0165 Bratislavy U\u017e od roku 2019 skupina odborn\u00edkov tvor\u00ed pl\u00e1n, ako bude na\u0161e mesto vyzera\u0165 v roku 2030. Tentokr\u00e1t to rob\u00edme inak, nebude to dokument do \u0161ufl\u00edka. Zap\u00e1jame nielen \u013eud\u00ed z mesta, ale aj odborn\u00edkov na jednotliv\u00e1 oblasti, komunity, akademick\u00fd sektor, neziskovky a najm\u00e4 akt\u00edvnych ob\u010danov. Chceme, aby sme pl\u00e1n pre [&hellip;]\" \/>\n<meta property=\"og:url\" content=\"https:\/\/bratislava2030.sk\/en\/metropolitne-forum-bratislava-2030\/\" \/>\n<meta property=\"og:site_name\" content=\"Bratislava 2030\" \/>\n<meta property=\"article:published_time\" content=\"2021-09-23T12:53:28+00:00\" \/>\n<meta property=\"article:modified_time\" content=\"2021-09-23T14:20:36+00:00\" \/>\n<meta property=\"og:image\" content=\"https:\/\/bratislava2030.sk\/wp-content\/uploads\/2021\/09\/MicrosoftTeams-image-11.jpg\" \/>\n\t<meta property=\"og:image:width\" content=\"1920\" \/>\n\t<meta property=\"og:image:height\" content=\"1080\" \/>\n\t<meta property=\"og:image:type\" content=\"image\/jpeg\" \/>\n<meta name=\"author\" content=\"T\u00edm Bratislava 2030\" \/>\n<meta name=\"twitter:card\" content=\"summary_large_image\" \/>\n<meta name=\"twitter:label1\" content=\"Written by\" \/>\n\t<meta name=\"twitter:data1\" content=\"T\u00edm Bratislava 2030\" \/>\n\t<meta name=\"twitter:label2\" content=\"Est. reading time\" \/>\n\t<meta name=\"twitter:data2\" content=\"4 minutes\" \/>\n<script type=\"application\/ld+json\" class=\"yoast-schema-graph\">{\"@context\":\"https:\/\/schema.org\",\"@graph\":[{\"@type\":\"WebPage\",\"@id\":\"https:\/\/bratislava2030.sk\/metropolitne-forum-bratislava-2030\/\",\"url\":\"https:\/\/bratislava2030.sk\/metropolitne-forum-bratislava-2030\/\",\"name\":\"Metropolitn\u00e9 f\u00f3rum Bratislava 2030 - Bratislava 2030\",\"isPartOf\":{\"@id\":\"https:\/\/bratislava2030.sk\/#website\"},\"datePublished\":\"2021-09-23T12:53:28+00:00\",\"dateModified\":\"2021-09-23T14:20:36+00:00\",\"author\":{\"@id\":\"https:\/\/bratislava2030.sk\/#\/schema\/person\/ce52a3b8325e876459ea2dbe2d5698ee\"},\"breadcrumb\":{\"@id\":\"https:\/\/bratislava2030.sk\/metropolitne-forum-bratislava-2030\/#breadcrumb\"},\"inLanguage\":\"en-US\",\"potentialAction\":[{\"@type\":\"ReadAction\",\"target\":[\"https:\/\/bratislava2030.sk\/metropolitne-forum-bratislava-2030\/\"]}]},{\"@type\":\"BreadcrumbList\",\"@id\":\"https:\/\/bratislava2030.sk\/metropolitne-forum-bratislava-2030\/#breadcrumb\",\"itemListElement\":[{\"@type\":\"ListItem\",\"position\":1,\"name\":\"Home\",\"item\":\"https:\/\/bratislava2030.sk\/\"},{\"@type\":\"ListItem\",\"position\":2,\"name\":\"Metropolitn\u00e9 f\u00f3rum Bratislava 2030\"}]},{\"@type\":\"WebSite\",\"@id\":\"https:\/\/bratislava2030.sk\/#website\",\"url\":\"https:\/\/bratislava2030.sk\/\",\"name\":\"Bratislava 2030\",\"description\":\"Bratislava 2030 pos\u00fava hlavn\u00e9 mesto Slovenska do \u010fal\u0161ieho desa\u0165ro\u010dia\",\"potentialAction\":[{\"@type\":\"SearchAction\",\"target\":{\"@type\":\"EntryPoint\",\"urlTemplate\":\"https:\/\/bratislava2030.sk\/?s={search_term_string}\"},\"query-input\":\"required name=search_term_string\"}],\"inLanguage\":\"en-US\"},{\"@type\":\"Person\",\"@id\":\"https:\/\/bratislava2030.sk\/#\/schema\/person\/ce52a3b8325e876459ea2dbe2d5698ee\",\"name\":\"T\u00edm Bratislava 2030\",\"image\":{\"@type\":\"ImageObject\",\"inLanguage\":\"en-US\",\"@id\":\"https:\/\/bratislava2030.sk\/#\/schema\/person\/image\/\",\"url\":\"https:\/\/secure.gravatar.com\/avatar\/117de88d0adf789960aa8c30a5135f45?s=96&d=blank&r=g\",\"contentUrl\":\"https:\/\/secure.gravatar.com\/avatar\/117de88d0adf789960aa8c30a5135f45?s=96&d=blank&r=g\",\"caption\":\"T\u00edm Bratislava 2030\"},\"url\":\"https:\/\/bratislava2030.sk\/en\/author\/orol\/\"}]}<\/script>\n<!-- \/ Yoast SEO plugin. -->","yoast_head_json":{"title":"Metropolitn\u00e9 f\u00f3rum Bratislava 2030 - Bratislava 2030","robots":{"index":"index","follow":"follow","max-snippet":"max-snippet:-1","max-image-preview":"max-image-preview:large","max-video-preview":"max-video-preview:-1"},"canonical":"https:\/\/bratislava2030.sk\/en\/metropolitne-forum-bratislava-2030\/","og_locale":"en_US","og_type":"article","og_title":"Metropolitn\u00e9 f\u00f3rum Bratislava 2030 - Bratislava 2030","og_description":"Po\u010fte s nami tvori\u0165 bud\u00facnos\u0165 Bratislavy U\u017e od roku 2019 skupina odborn\u00edkov tvor\u00ed pl\u00e1n, ako bude na\u0161e mesto vyzera\u0165 v roku 2030. Tentokr\u00e1t to rob\u00edme inak, nebude to dokument do \u0161ufl\u00edka. Zap\u00e1jame nielen \u013eud\u00ed z mesta, ale aj odborn\u00edkov na jednotliv\u00e1 oblasti, komunity, akademick\u00fd sektor, neziskovky a najm\u00e4 akt\u00edvnych ob\u010danov. Chceme, aby sme pl\u00e1n pre [&hellip;]","og_url":"https:\/\/bratislava2030.sk\/en\/metropolitne-forum-bratislava-2030\/","og_site_name":"Bratislava 2030","article_published_time":"2021-09-23T12:53:28+00:00","article_modified_time":"2021-09-23T14:20:36+00:00","og_image":[{"width":1920,"height":1080,"url":"https:\/\/bratislava2030.sk\/wp-content\/uploads\/2021\/09\/MicrosoftTeams-image-11.jpg","type":"image\/jpeg"}],"author":"T\u00edm Bratislava 2030","twitter_card":"summary_large_image","twitter_misc":{"Written by":"T\u00edm Bratislava 2030","Est. reading time":"4 minutes"},"schema":{"@context":"https:\/\/schema.org","@graph":[{"@type":"WebPage","@id":"https:\/\/bratislava2030.sk\/metropolitne-forum-bratislava-2030\/","url":"https:\/\/bratislava2030.sk\/metropolitne-forum-bratislava-2030\/","name":"Metropolitn\u00e9 f\u00f3rum Bratislava 2030 - Bratislava 2030","isPartOf":{"@id":"https:\/\/bratislava2030.sk\/#website"},"datePublished":"2021-09-23T12:53:28+00:00","dateModified":"2021-09-23T14:20:36+00:00","author":{"@id":"https:\/\/bratislava2030.sk\/#\/schema\/person\/ce52a3b8325e876459ea2dbe2d5698ee"},"breadcrumb":{"@id":"https:\/\/bratislava2030.sk\/metropolitne-forum-bratislava-2030\/#breadcrumb"},"inLanguage":"en-US","potentialAction":[{"@type":"ReadAction","target":["https:\/\/bratislava2030.sk\/metropolitne-forum-bratislava-2030\/"]}]},{"@type":"BreadcrumbList","@id":"https:\/\/bratislava2030.sk\/metropolitne-forum-bratislava-2030\/#breadcrumb","itemListElement":[{"@type":"ListItem","position":1,"name":"Home","item":"https:\/\/bratislava2030.sk\/"},{"@type":"ListItem","position":2,"name":"Metropolitn\u00e9 f\u00f3rum Bratislava 2030"}]},{"@type":"WebSite","@id":"https:\/\/bratislava2030.sk\/#website","url":"https:\/\/bratislava2030.sk\/","name":"Bratislava 2030","description":"Bratislava 2030 pos\u00fava hlavn\u00e9 mesto Slovenska do \u010fal\u0161ieho desa\u0165ro\u010dia","potentialAction":[{"@type":"SearchAction","target":{"@type":"EntryPoint","urlTemplate":"https:\/\/bratislava2030.sk\/?s={search_term_string}"},"query-input":"required name=search_term_string"}],"inLanguage":"en-US"},{"@type":"Person","@id":"https:\/\/bratislava2030.sk\/#\/schema\/person\/ce52a3b8325e876459ea2dbe2d5698ee","name":"T\u00edm Bratislava 2030","image":{"@type":"ImageObject","inLanguage":"en-US","@id":"https:\/\/bratislava2030.sk\/#\/schema\/person\/image\/","url":"https:\/\/secure.gravatar.com\/avatar\/117de88d0adf789960aa8c30a5135f45?s=96&d=blank&r=g","contentUrl":"https:\/\/secure.gravatar.com\/avatar\/117de88d0adf789960aa8c30a5135f45?s=96&d=blank&r=g","caption":"T\u00edm Bratislava 2030"},"url":"https:\/\/bratislava2030.sk\/en\/author\/orol\/"}]}},"_links":{"self":[{"href":"https:\/\/bratislava2030.sk\/en\/wp-json\/wp\/v2\/posts\/687"}],"collection":[{"href":"https:\/\/bratislava2030.sk\/en\/wp-json\/wp\/v2\/posts"}],"about":[{"href":"https:\/\/bratislava2030.sk\/en\/wp-json\/wp\/v2\/types\/post"}],"author":[{"embeddable":true,"href":"https:\/\/bratislava2030.sk\/en\/wp-json\/wp\/v2\/users\/1"}],"replies":[{"embeddable":true,"href":"https:\/\/bratislava2030.sk\/en\/wp-json\/wp\/v2\/comments?post=687"}],"version-history":[{"count":5,"href":"https:\/\/bratislava2030.sk\/en\/wp-json\/wp\/v2\/posts\/687\/revisions"}],"predecessor-version":[{"id":703,"href":"https:\/\/bratislava2030.sk\/en\/wp-json\/wp\/v2\/posts\/687\/revisions\/703"}],"wp:featuredmedia":[{"embeddable":true,"href":"https:\/\/bratislava2030.sk\/en\/wp-json\/wp\/v2\/media\/690"}],"wp:attachment":[{"href":"https:\/\/bratislava2030.sk\/en\/wp-json\/wp\/v2\/media?parent=687"}],"wp:term":[{"taxonomy":"category","embeddable":true,"href":"https:\/\/bratislava2030.sk\/en\/wp-json\/wp\/v2\/categories?post=687"},{"taxonomy":"post_tag","embeddable":true,"href":"https:\/\/bratislava2030.sk\/en\/wp-json\/wp\/v2\/tags?post=687"}],"curies":[{"name":"wp","href":"https:\/\/api.w.org\/{rel}","templated":true}]}}